{"id":888,"date":"2013-06-20T13:30:59","date_gmt":"2013-06-20T13:30:59","guid":{"rendered":"http:\/\/172.16.0.7\/site-antigo\/?p=888"},"modified":"2024-10-08T09:06:18","modified_gmt":"2024-10-08T12:06:18","slug":"cras-da-vila-reis-realiza-pre-conferencia-em-apucarana","status":"publish","type":"post","link":"https:\/\/www.apucarana.pr.gov.br\/site\/cras-da-vila-reis-realiza-pre-conferencia-em-apucarana\/","title":{"rendered":"CRAS da Vila Reis realiza pr\u00e9-confer\u00eancia em Apucarana"},"content":{"rendered":"<p>Na tarde de quarta-feira (19\/06), no sal\u00e3o da Igreja Metodista, localizado na Rua Apucarana, n<sup>o<\/sup> 765, no Distrito de Vila Reis, o CRAS 3, promoveu a quarta (de um total de cinco) pr\u00e9-confer\u00eancia visando a Confer\u00eancia Municipal da Assist\u00eancia Social, que acontece no dia 5 de julho, em local ainda a confirmar. J\u00e1 a quinta pr\u00e9-confer\u00eancia, com trabalhos do CRAS 4, est\u00e1 agendada para o dia 26 de junho, \u00e0s 13h30, no Sal\u00e3o Paroquial da Igreja S\u00e3o Benedito, na Vila Regina.   <\/p>\n<p>Os trabalhos desta quarta foram coordenados pela Assistente Social Eulina da S. G. Vicentini e equipe. Na abertura teve apresenta\u00e7\u00e3o de dan\u00e7a das alunas da Escola Municipal Jos\u00e9 de Alencar e Momento C\u00edvico, com o Hino Nacional entoado pela professora Cleiri B. da Silva Gon\u00e7alves.<\/p>\n<p>O prefeito Beto Preto e a secret\u00e1ria da Assist\u00eancia Social, M\u00e1rcia Regina de Souza, foram representados pela superintendente Suely Cebrian.<\/p>\n<p>Nas atividades, destaque para a explana\u00e7\u00e3o dos 6 eixos que norteiam a Confer\u00eancia Municipal de Assist\u00eancia Social, pelos t\u00e9cnicos da Assist\u00eancia Social, apresenta\u00e7\u00e3o de um v\u00eddeo institucional sobre CRAS e CREAS, produzido pelo MDS, divis\u00e3o dos grupos para levantamento de propostas para a Confer\u00eancia Municipal e elei\u00e7\u00e3o do delegado e suplente que ir\u00e3o representar a Vila Reis na Confer\u00eancia Municipal.<\/p>\n<p>Os eleitos foram Andreia Clauteus Fran\u00e7a (delegada) e Jaqueline Aparecida de Ara\u00fajo (Suplente).<\/p>\n<p>As lideran\u00e7as presentes foram Dra. Rita Maria da Silva (Delegacia da Mulher), Jos\u00e9 Ivan (Jd. Curitiba), Igreja Cat\u00f3lica, Djalma de Souza (enfermeiro da UBS Vila Reis), Valdir Frias (lideran\u00e7a comunit\u00e1ria), Osvaldo Augusto Zardo (M\u00e9dico da UBS Vila Reis), Rosana de Oliveira Mira (Escola Jos\u00e9 de Alencar), Lucineide (diretora escola Jos\u00e9 de Alencar, Leda (diretora do Col\u00e9gio Estadual Professora Godom\u00e1), Pastor Sidnei (Igreja Metodista da Vila Reis), Patr\u00edcia de Oliveira Vechhi (coordenadora do CREAS).<\/p>\n<p><\/p>\n","protected":false},"excerpt":{"rendered":"<p>O prefeito Beto Preto e a secret&aacute;ria da Assist&ecirc;ncia Social, M&aacute;rcia Regina de Souza, foram representados pela superintendente Suely Cebrian<\/p>\n","protected":false},"author":4,"featured_media":0,"comment_status":"closed","ping_status":"closed","sticky":false,"template":"","format":"standard","meta":{"footnotes":""},"categories":[24],"tags":[],"class_list":["post-888","post","type-post","status-publish","format-standard","hentry","category-noticias"],"acf":[],"_links":{"self":[{"href":"https:\/\/www.apucarana.pr.gov.br\/site\/wp-json\/wp\/v2\/posts\/888","targetHints":{"allow":["GET"]}}],"collection":[{"href":"https:\/\/www.apucarana.pr.gov.br\/site\/wp-json\/wp\/v2\/posts"}],"about":[{"href":"https:\/\/www.apucarana.pr.gov.br\/site\/wp-json\/wp\/v2\/types\/post"}],"author":[{"embeddable":true,"href":"https:\/\/www.apucarana.pr.gov.br\/site\/wp-json\/wp\/v2\/users\/4"}],"replies":[{"embeddable":true,"href":"https:\/\/www.apucarana.pr.gov.br\/site\/wp-json\/wp\/v2\/comments?post=888"}],"version-history":[{"count":1,"href":"https:\/\/www.apucarana.pr.gov.br\/site\/wp-json\/wp\/v2\/posts\/888\/revisions"}],"predecessor-version":[{"id":105993,"href":"https:\/\/www.apucarana.pr.gov.br\/site\/wp-json\/wp\/v2\/posts\/888\/revisions\/105993"}],"wp:attachment":[{"href":"https:\/\/www.apucarana.pr.gov.br\/site\/wp-json\/wp\/v2\/media?parent=888"}],"wp:term":[{"taxonomy":"category","embeddable":true,"href":"https:\/\/www.apucarana.pr.gov.br\/site\/wp-json\/wp\/v2\/categories?post=888"},{"taxonomy":"post_tag","embeddable":true,"href":"https:\/\/www.apucarana.pr.gov.br\/site\/wp-json\/wp\/v2\/tags?post=888"}],"curies":[{"name":"wp","href":"https:\/\/api.w.org\/{rel}","templated":true}]}}