{"id":884,"date":"2013-06-20T12:20:00","date_gmt":"2013-06-20T12:20:00","guid":{"rendered":"http:\/\/172.16.0.7\/site-antigo\/?p=884"},"modified":"2024-10-08T09:06:18","modified_gmt":"2024-10-08T12:06:18","slug":"apucarana-pede-salvaguardas-para-o-segmento-boneleiro","status":"publish","type":"post","link":"https:\/\/www.apucarana.pr.gov.br\/site\/apucarana-pede-salvaguardas-para-o-segmento-boneleiro\/","title":{"rendered":"Apucarana pede salvaguardas  para o segmento boneleiro"},"content":{"rendered":"<p>Em audi\u00eancia mantida na ter\u00e7a-feira (19), em Bras\u00edlia, no Minist\u00e9rio do desenvolvimento, Ind\u00fastria e Com\u00e9rcio Exterior (MDIC), comitiva de Apucarana protocolou documento que prev\u00ea salvaguardas para o polo de empresas do segmento de bon\u00e9. As medidas s\u00e3o consideradas indispens\u00e1veis para a manuten\u00e7\u00e3o de 531 empresas formalizadas e aproximadamente 18 mil empregos.<\/p>\n<p>O documento foi entregue ao ministro do Desenvolvimento, Ind\u00fastria e Com\u00e9rcio Exterior, Fernando Pimentel, pelo prefeito Beto Preto; deputado federal e presidente em exerc\u00edcio da C&acirc;mara Federal, Andr\u00e9 Vargas; secret\u00e1rio municipal de Ind\u00fastria e Com\u00e9rcio, La\u00e9rcio Beani da Costa; e pela presidente do Sindicato das Ind\u00fastrias do Vestu\u00e1rio de Apucarana e do Vale do Iva\u00ed (Sivale), Maria Abgail Beira Fortuna.<\/p>\n<p>As reivindica\u00e7\u00f5es tamb\u00e9m s\u00e3o avalizadas por outras entidades que estavam representadas pela presidente do Sindicato dos Trabalhadores nas Ind\u00fastrias do Vestu\u00e1rio de Apucarana, Maria Leonora Batista; por Adele Garcia Junior, da Associa\u00e7\u00e3o Nacional das Ind\u00fastrias de Bon\u00e9s e Brindes (ANIBB); e pela Cobatex, grupo de empresas apucaranenses representado pelos empres\u00e1rios Emerson Dalossi, Rosana Dalossi, Anderson Dourado e Rosimeire Demarques Dourado. Tamb\u00e9m integraram a comitiva Jos\u00e9 Henrique Martins, do Sebrae; e o empres\u00e1rio do setor t\u00eaxtil, Felipe Alexandre Felipe Neto. O documento \u00e9 subscrito ainda pela Acia, APL, Abrafab&acute;q, Assibra e Fiep. <\/p>\n<p>PROTE&Ccedil;&Atilde;O &ndash; O documento do Sivale oficializa pedido de incentivo ao polo boneleiro de Apucarana, no sentido de garantir competitividade de mercado em rela\u00e7\u00e3o aos grandes eventos esportivos que o Brasil ir\u00e1 sediar (Olimp\u00edadas e Copa do Mundo).<\/p>\n<p>Os empres\u00e1rios apucaranenses reivindicam revis\u00e3o dos par&acirc;metros aplicados sobre o Licenciamento de Improta\u00e7\u00e3o (L.I.). &ldquo;Queremos o aumento do valor (kilo) do NCM de US$ 12 para US$ 60, equilibrando a concorr\u00eancia com as empresas nacionais&rdquo;, explica Maria Abgail.<\/p>\n<p>O Sivale pede a equipara\u00e7\u00e3o da al\u00edquota de importa\u00e7\u00e3o do bon\u00e9 com a al\u00edquota da ind\u00fastria do vestu\u00e1rio, de 20% para 35%. &ldquo;Solicitamos a mudan\u00e7a do imposto da importa\u00e7\u00e3o em todo o Mercosul e altera\u00e7\u00e3o tempor\u00e1ria da LETEC (Lista de Altera\u00e7\u00f5es \u00e0 Tarifa Externa Comum)&rdquo;, relata a dirigente do Sivale.<\/p>\n<p>Outro pleito das empresas de Apucarana \u00e9 a aplica\u00e7\u00e3o da licen\u00e7a de importa\u00e7\u00e3o, caso o bon\u00e9 tamb\u00e9m for importado em partes, ou seja, pr\u00e9-fabricado. E, por \u00faltimo, o polo boneleiro pede apoio de benef\u00edcios fiscais e tribut\u00e1rios , ou seja, redu\u00e7\u00e3o da carga tribut\u00e1ria sobre o bon\u00e9.<\/p>\n<p>O prefeito Beto Preto reiterou o pedido de apoio ao setor junto ao ministro Fernando Pimentel. &ldquo;Precisamos de ajuda urgente, para manter a competitividade e os nossos postos de trabalho&rdquo;, frisou Beto Preto.<\/p>\n<p>PRODU&Ccedil;&Atilde;O &#8211; Pimentel fez questionamentos sobre o maior polo de bon\u00e9s do Brasil, respons\u00e1vel por mais de 50% da produ\u00e7\u00e3o. Ele foi informado que atualmente s\u00e3o comercializados cerca de 11 milh\u00f5es de bon\u00e9s por m\u00eas no Pa\u00eds e que Apucarana \u00e9 respons\u00e1vel por metade disso. Caic\u00f3, no Rio Grande do Norte fica com uma fatia de 10% e o restante \u00e9 de produtos que est\u00e3o chegando da China.<\/p>\n<p>Charles Capella de Abreu, assessor especial do ministro Pimentel, fez uma reuni\u00e3o de mais de duas horas com a comitiva de Apucarana e se inteirou de todas as informa\u00e7\u00f5es. &ldquo;Precisamos de salvaguardas emergenciais at\u00e9 para a sobreviv\u00eancia do setor, pois a concorr\u00eancia com os chineses \u00e9 desleal&rdquo;, argumentou o secret\u00e1rio La\u00e9rcio Beani da Costa.<\/p>\n<p>O assessor do MDIC demonstrou interesse na solu\u00e7\u00e3o do problema dos empres\u00e1rios e trabalhadores de Apucarana. Ele anunciou ao prefeito Beto Preto que, de forma r\u00e1pida, ser\u00e1 aberta uma investiga\u00e7\u00e3o. &ldquo;Com a confirma\u00e7\u00e3o do quadro apresentado pelos empres\u00e1rios apucaranenses, com certeza ser\u00e3o adotados procedimentos para controle de importa\u00e7\u00f5es&rdquo;, adiantou Charles Capella.<\/p>\n<p>Para a empres\u00e1ria e presidente do Sivale, a reuni\u00e3o no Minist\u00e9rio de Desenvolvimento, Ind\u00fastria e Com\u00e9rcio Exterior foi muito produtiva. &ldquo;Tivemos uma aten\u00e7\u00e3o especial e confiamos que o governo ir\u00e1 adotar as medidas cab\u00edveis para proteger as f\u00e1bricas do segmento de bon\u00e9s&rdquo;, avaliou Maria Abgail fortuna.<\/p>\n","protected":false},"excerpt":{"rendered":"<p>Beto Preto, Andr&eacute; Vargas, empres&aacute;rios e sindicalistas se reuniram com o ministro Fernando Pimentel<\/p>\n","protected":false},"author":4,"featured_media":0,"comment_status":"closed","ping_status":"closed","sticky":false,"template":"","format":"standard","meta":{"footnotes":""},"categories":[24],"tags":[],"class_list":["post-884","post","type-post","status-publish","format-standard","hentry","category-noticias"],"acf":[],"_links":{"self":[{"href":"https:\/\/www.apucarana.pr.gov.br\/site\/wp-json\/wp\/v2\/posts\/884","targetHints":{"allow":["GET"]}}],"collection":[{"href":"https:\/\/www.apucarana.pr.gov.br\/site\/wp-json\/wp\/v2\/posts"}],"about":[{"href":"https:\/\/www.apucarana.pr.gov.br\/site\/wp-json\/wp\/v2\/types\/post"}],"author":[{"embeddable":true,"href":"https:\/\/www.apucarana.pr.gov.br\/site\/wp-json\/wp\/v2\/users\/4"}],"replies":[{"embeddable":true,"href":"https:\/\/www.apucarana.pr.gov.br\/site\/wp-json\/wp\/v2\/comments?post=884"}],"version-history":[{"count":1,"href":"https:\/\/www.apucarana.pr.gov.br\/site\/wp-json\/wp\/v2\/posts\/884\/revisions"}],"predecessor-version":[{"id":105994,"href":"https:\/\/www.apucarana.pr.gov.br\/site\/wp-json\/wp\/v2\/posts\/884\/revisions\/105994"}],"wp:attachment":[{"href":"https:\/\/www.apucarana.pr.gov.br\/site\/wp-json\/wp\/v2\/media?parent=884"}],"wp:term":[{"taxonomy":"category","embeddable":true,"href":"https:\/\/www.apucarana.pr.gov.br\/site\/wp-json\/wp\/v2\/categories?post=884"},{"taxonomy":"post_tag","embeddable":true,"href":"https:\/\/www.apucarana.pr.gov.br\/site\/wp-json\/wp\/v2\/tags?post=884"}],"curies":[{"name":"wp","href":"https:\/\/api.w.org\/{rel}","templated":true}]}}