{"id":864,"date":"2013-06-11T14:17:59","date_gmt":"2013-06-11T14:17:59","guid":{"rendered":"http:\/\/172.16.0.7\/site-antigo\/?p=864"},"modified":"2024-10-08T09:06:19","modified_gmt":"2024-10-08T12:06:19","slug":"prima-paulista-procura-prima-em-apucarana","status":"publish","type":"post","link":"https:\/\/www.apucarana.pr.gov.br\/site\/prima-paulista-procura-prima-em-apucarana\/","title":{"rendered":"Prima paulista procura prima em Apucarana"},"content":{"rendered":"<p>Aten\u00e7\u00e3o &Eacute;rica Marcheto F\u00e9lix, filha da Dona S&ocirc;nia Marcheto, a sua prima de Sandro Andr\u00e9 (SP), Vanessa Xavier Torati, est\u00e1 a sua procura. <\/p>\n<p>Ela precisa que entre em contato com urg\u00eancia. <\/p>\n<p>O contato \u00e9 pelo telefone (011) 4978-5276 ou pelo e-mail<a href=\"mailto:lessaxavier@ig.com.br\"><span>lessaxavier@ig.com.br<\/span><\/a>.  <\/p>\n","protected":false},"excerpt":{"rendered":"<p> Ela precisa que entre em contato com urg&ecirc;ncia<\/p>\n","protected":false},"author":4,"featured_media":0,"comment_status":"closed","ping_status":"closed","sticky":false,"template":"","format":"standard","meta":{"footnotes":""},"categories":[24],"tags":[],"class_list":["post-864","post","type-post","status-publish","format-standard","hentry","category-noticias"],"acf":[],"_links":{"self":[{"href":"https:\/\/www.apucarana.pr.gov.br\/site\/wp-json\/wp\/v2\/posts\/864","targetHints":{"allow":["GET"]}}],"collection":[{"href":"https:\/\/www.apucarana.pr.gov.br\/site\/wp-json\/wp\/v2\/posts"}],"about":[{"href":"https:\/\/www.apucarana.pr.gov.br\/site\/wp-json\/wp\/v2\/types\/post"}],"author":[{"embeddable":true,"href":"https:\/\/www.apucarana.pr.gov.br\/site\/wp-json\/wp\/v2\/users\/4"}],"replies":[{"embeddable":true,"href":"https:\/\/www.apucarana.pr.gov.br\/site\/wp-json\/wp\/v2\/comments?post=864"}],"version-history":[{"count":1,"href":"https:\/\/www.apucarana.pr.gov.br\/site\/wp-json\/wp\/v2\/posts\/864\/revisions"}],"predecessor-version":[{"id":106015,"href":"https:\/\/www.apucarana.pr.gov.br\/site\/wp-json\/wp\/v2\/posts\/864\/revisions\/106015"}],"wp:attachment":[{"href":"https:\/\/www.apucarana.pr.gov.br\/site\/wp-json\/wp\/v2\/media?parent=864"}],"wp:term":[{"taxonomy":"category","embeddable":true,"href":"https:\/\/www.apucarana.pr.gov.br\/site\/wp-json\/wp\/v2\/categories?post=864"},{"taxonomy":"post_tag","embeddable":true,"href":"https:\/\/www.apucarana.pr.gov.br\/site\/wp-json\/wp\/v2\/tags?post=864"}],"curies":[{"name":"wp","href":"https:\/\/api.w.org\/{rel}","templated":true}]}}