{"id":863,"date":"2013-06-10T17:53:59","date_gmt":"2013-06-10T17:53:59","guid":{"rendered":"http:\/\/172.16.0.7\/site-antigo\/?p=863"},"modified":"2024-10-08T09:06:19","modified_gmt":"2024-10-08T12:06:19","slug":"vacinacao-contra-polio-atinge-56-da-meta-em-apucarana","status":"publish","type":"post","link":"https:\/\/www.apucarana.pr.gov.br\/site\/vacinacao-contra-polio-atinge-56-da-meta-em-apucarana\/","title":{"rendered":"Vacina\u00e7\u00e3o contra p\u00f3lio atinge 56% da meta em Apucarana"},"content":{"rendered":"<div class=\"left\">\n<figure><img decoding=\"async\" style=\"\" src=\"http:\/\/cdn.apucarana.pr.gov.br\/320x215\/original\/2013\/06\/10\/mg-7104.JPG\" width=\"320\"><figcaption class=\"caption\"><\/figcaption><\/figure>\n<\/div>\n<p>Apucarana fechou, ontem, o segundo dia de vacina\u00e7\u00e3o contra a paralisia infantil atingindo 56% da meta de imunizar 7.400 crian\u00e7as de seis meses a 5 anos incompletos (4 anos 11 meses e 29 dias). O objetivo das autoridades municipais da sa\u00fade \u00e9 de alcan\u00e7ar a cobertura vacinal de 100% o quanto antes.  <\/p>\n<p>Para isso, a divulga\u00e7\u00e3o da Campanha Nacional de Vacina\u00e7\u00e3o contra Poliomielite, iniciada no \u00faltimo s\u00e1bado e segue at\u00e9 dia 21 deste m\u00eas, ser\u00e1 refor\u00e7ada pela circula\u00e7\u00e3o de um carro de som com o Z\u00e9 Gotinha (s\u00edmbolo da campanha) por toda a cidade. As doses est\u00e3o dispon\u00edveis em 23 Unidades B\u00e1sicas de Sa\u00fade (UBS&rsquo;s) que possuem sala de vacina\u00e7\u00e3o.<\/p>\n<p>Segundo o coordenador da Vigil&acirc;ncia Epidemiol\u00f3gica da Autarquia Municipal de Sa\u00fade, Lauro Alberto Vieira dos Santos, tamb\u00e9m ser\u00e1 realizado um trabalho diferenciado nos CMEIs. &ldquo;As professoras est\u00e3o definindo um dia para as m\u00e3es trazerem as carteirinhas de vacina dos seus filhos. Neste dia, enviaremos uma equipe de enfermeiros para atender aquela creche espec\u00edfica. Al\u00e9m da dose contra paralisia infantil, ser\u00e1 uma oportunidade atualizar as imuniza\u00e7\u00f5es que possam estar em atraso na tabela de vacina\u00e7\u00e3o de cada crian\u00e7a&rdquo;, informa Santos.<\/p>\n<p><b>GRIPE<\/b><\/p>\n<p>O departamento de Vigil&acirc;ncia Epidemiol\u00f3gica lembra que a vacina contra a gripe para os grupos priorit\u00e1rios ainda est\u00e1 dispon\u00edvel nas UBS&#039;s. A imuniza\u00e7\u00e3o contra a influenza j\u00e1 atingiu 93.68% da meta em Apucarana, o maior dentro da \u00e1rea de abrang\u00eancia da 16\u00aa Regional de Sa\u00fade.<\/p><\/p>\n","protected":false},"excerpt":{"rendered":"<p>s doses est&atilde;o dispon&iacute;veis em 23 Unidades B&aacute;sicas de Sa&uacute;de (UBS&rsquo;s) que possuem sala de vacina&ccedil;&atilde;o<\/p>\n","protected":false},"author":4,"featured_media":0,"comment_status":"closed","ping_status":"closed","sticky":false,"template":"","format":"standard","meta":{"footnotes":""},"categories":[24],"tags":[],"class_list":["post-863","post","type-post","status-publish","format-standard","hentry","category-noticias"],"acf":[],"_links":{"self":[{"href":"https:\/\/www.apucarana.pr.gov.br\/site\/wp-json\/wp\/v2\/posts\/863","targetHints":{"allow":["GET"]}}],"collection":[{"href":"https:\/\/www.apucarana.pr.gov.br\/site\/wp-json\/wp\/v2\/posts"}],"about":[{"href":"https:\/\/www.apucarana.pr.gov.br\/site\/wp-json\/wp\/v2\/types\/post"}],"author":[{"embeddable":true,"href":"https:\/\/www.apucarana.pr.gov.br\/site\/wp-json\/wp\/v2\/users\/4"}],"replies":[{"embeddable":true,"href":"https:\/\/www.apucarana.pr.gov.br\/site\/wp-json\/wp\/v2\/comments?post=863"}],"version-history":[{"count":1,"href":"https:\/\/www.apucarana.pr.gov.br\/site\/wp-json\/wp\/v2\/posts\/863\/revisions"}],"predecessor-version":[{"id":106017,"href":"https:\/\/www.apucarana.pr.gov.br\/site\/wp-json\/wp\/v2\/posts\/863\/revisions\/106017"}],"wp:attachment":[{"href":"https:\/\/www.apucarana.pr.gov.br\/site\/wp-json\/wp\/v2\/media?parent=863"}],"wp:term":[{"taxonomy":"category","embeddable":true,"href":"https:\/\/www.apucarana.pr.gov.br\/site\/wp-json\/wp\/v2\/categories?post=863"},{"taxonomy":"post_tag","embeddable":true,"href":"https:\/\/www.apucarana.pr.gov.br\/site\/wp-json\/wp\/v2\/tags?post=863"}],"curies":[{"name":"wp","href":"https:\/\/api.w.org\/{rel}","templated":true}]}}