{"id":862,"date":"2013-06-10T17:15:59","date_gmt":"2013-06-10T17:15:59","guid":{"rendered":"http:\/\/172.16.0.7\/site-antigo\/?p=862"},"modified":"2024-10-08T09:06:19","modified_gmt":"2024-10-08T12:06:19","slug":"cras-da-vila-nova-realiza-pre-conferencia-na-quarta-feira","status":"publish","type":"post","link":"https:\/\/www.apucarana.pr.gov.br\/site\/cras-da-vila-nova-realiza-pre-conferencia-na-quarta-feira\/","title":{"rendered":"Cras da Vila Nova realiza pr\u00e9-confer\u00eancia na quarta-feira"},"content":{"rendered":"<p>O Centro de Refer\u00eancia da Assist\u00eancia Social localizado na Vila Nova (Cras II) realiza nesta quarta-feira (12 de junho) a Pr\u00e9-confer\u00eancia da Assist\u00eancia Social, no Clube da Sabedoria, a partir das 13h30. A coordenadora do Cras II, Ana Paula Crispim, convida a popula\u00e7\u00e3o que mora na Vila Nova, Jardim Colonial, Jardim Avia\u00e7\u00e3o, N\u00facleo Habitacional Castelo Branco e outros bairros pr\u00f3ximos a participar do evento. Segundo ela, a pr\u00e9-confer\u00eancia \u00e9 aberta \u00e0 comunidade e conta ainda com a participa\u00e7\u00e3o de Organiza\u00e7\u00f5es N\u00e3o Governamentais e de profissionais ligados \u00e0s \u00e1reas de sa\u00fade, educa\u00e7\u00e3o e assist\u00eancia social.   <\/p>\n<p>As pr\u00e9-confer\u00eancias est\u00e3o sendo realizadas por regi\u00e3o da cidade e s\u00e3o eventos preparat\u00f3rios a 9\u00aa Confer\u00eancia Municipal da Assist\u00eancia Social, marcada para o dia 5 de julho (em local a ser confirmado). A Pr\u00e9-confer\u00eancia no Cras da Vila Nova ser\u00e1 a segunda no Munic\u00edpio &ndash; a primeira foi realizada na semana passada pelo CRAS do Jardim Ponta Grossa.<span> J\u00e1 os centros de refer\u00eancia localizados na Vila Reis e na Vila Regina promovem as pr\u00e9-confer\u00eancias, respectivamente, nos dias 19 e 26 de junho.<\/span><\/p>\n<p>A 9\u00aa Confer\u00eancia Municipal da Assist\u00eancia Social ter\u00e1 como destaque a palestra magna com o tema &ldquo;A Gest\u00e3o e o Financiamento na Efetiva\u00e7\u00e3o do SUAS&rdquo;, que ser\u00e1 ministrada por Telma Maranho, Diretora do Departamento de Prote\u00e7\u00e3o Social Especial do Minist\u00e9rio de Desenvolvimento Social e Combate \u00e0 Fome. &ldquo;As Confer\u00eancias de Assist\u00eancia Social s\u00e3o espa\u00e7os de debate coletivo que oportunizam a participa\u00e7\u00e3o social, uma vez que re\u00fanem diferentes organiza\u00e7\u00f5es da sociedade civil, representantes dos usu\u00e1rios, trabalhadores e das entidades, bem como o segmento governamental da \u00e1rea&rdquo;, destaca o prefeito Beto Preto.<\/p>\n<p>Outras informa\u00e7\u00f5es sobre a pr\u00e9-confer\u00eancia desta quarta-feira podem ser obtidas no CRAS da Vila Nova, pelo telefone 3424-8348.<\/p>\n<p><\/p>\n","protected":false},"excerpt":{"rendered":"<p>As pr&eacute;-confer&ecirc;ncias est&atilde;o sendo realizadas por regi&atilde;o da cidade e s&atilde;o eventos preparat&oacute;rios a 9&ordf; Confer&ecirc;ncia Municipal da Assist&ecirc;ncia Social, marcada para o dia 5 de julho <\/p>\n","protected":false},"author":4,"featured_media":0,"comment_status":"closed","ping_status":"closed","sticky":false,"template":"","format":"standard","meta":{"footnotes":""},"categories":[24],"tags":[],"class_list":["post-862","post","type-post","status-publish","format-standard","hentry","category-noticias"],"acf":[],"_links":{"self":[{"href":"https:\/\/www.apucarana.pr.gov.br\/site\/wp-json\/wp\/v2\/posts\/862","targetHints":{"allow":["GET"]}}],"collection":[{"href":"https:\/\/www.apucarana.pr.gov.br\/site\/wp-json\/wp\/v2\/posts"}],"about":[{"href":"https:\/\/www.apucarana.pr.gov.br\/site\/wp-json\/wp\/v2\/types\/post"}],"author":[{"embeddable":true,"href":"https:\/\/www.apucarana.pr.gov.br\/site\/wp-json\/wp\/v2\/users\/4"}],"replies":[{"embeddable":true,"href":"https:\/\/www.apucarana.pr.gov.br\/site\/wp-json\/wp\/v2\/comments?post=862"}],"version-history":[{"count":1,"href":"https:\/\/www.apucarana.pr.gov.br\/site\/wp-json\/wp\/v2\/posts\/862\/revisions"}],"predecessor-version":[{"id":106018,"href":"https:\/\/www.apucarana.pr.gov.br\/site\/wp-json\/wp\/v2\/posts\/862\/revisions\/106018"}],"wp:attachment":[{"href":"https:\/\/www.apucarana.pr.gov.br\/site\/wp-json\/wp\/v2\/media?parent=862"}],"wp:term":[{"taxonomy":"category","embeddable":true,"href":"https:\/\/www.apucarana.pr.gov.br\/site\/wp-json\/wp\/v2\/categories?post=862"},{"taxonomy":"post_tag","embeddable":true,"href":"https:\/\/www.apucarana.pr.gov.br\/site\/wp-json\/wp\/v2\/tags?post=862"}],"curies":[{"name":"wp","href":"https:\/\/api.w.org\/{rel}","templated":true}]}}