{"id":856,"date":"2013-06-08T15:29:59","date_gmt":"2013-06-08T15:29:59","guid":{"rendered":"http:\/\/172.16.0.7\/site-antigo\/?p=856"},"modified":"2024-10-08T09:06:19","modified_gmt":"2024-10-08T12:06:19","slug":"asfalto-no-raposa-e-recuperado-com-mini-usina","status":"publish","type":"post","link":"https:\/\/www.apucarana.pr.gov.br\/site\/asfalto-no-raposa-e-recuperado-com-mini-usina\/","title":{"rendered":"Asfalto no Raposa \u00e9 recuperado com mini-usina"},"content":{"rendered":"<p>O acesso principal ao Parque Ecol\u00f3gico da Raposa, num trecho de quase 1.000 metros acaba de receber um novo pavimento asf\u00e1ltico. O prefeito Beto Preto, acompanhado do seu vice e secret\u00e1rio de obras, Junior da Femac, e do vereador Luiz Magalh\u00e3es, vistoriou ontem a obra acabada e destacou que o trabalho foi integralmente executado pelos oper\u00e1rios da prefeitura.<\/p>\n<p>&ldquo;Essa foi uma experi\u00eancia muito produtiva, por que al\u00e9m de desenvolver a obra com material e m\u00e3o de obra pr\u00f3prios, tamb\u00e9m utilizamos pela primeira vez, nos \u00faltimos 10 anos, uma mini-usina de asfalto, que estava abandonada no parque de m\u00e1quinas&rdquo;, comentou o prefeito Beto Preto, assinalando que o asfalto \u00e9 de boa qualidade e a um custo bem menor.<\/p>\n<p>A via de acesso ao Parque Ecol\u00f3gico da Raposa, conforme revela o secret\u00e1rio Junior da Femac, recebeu tratamento em MDR, um revestimento de acabamento da superf\u00edcie, aplicado sobre v\u00e1rias camadas de pedras.<\/p>\n<p>&ldquo;Investimos na recupera\u00e7\u00e3o do caminh\u00e3o equipado com uma mini-usina de asfalto, que estava parado e se deteriorando no p\u00e1tio e valeu a pena, por que a partir dessa experi\u00eancia, vamos realizar obras de pequeno e m\u00e9dio porte em v\u00e1rios pontos da cidade&rdquo;, explicou Junior.<\/p>\n<p>Ambientalista comemora <\/p>\n<p>Na mata do Parque Ecol\u00f3gico da Raposa, o prefeito Beto Preto se encontrou com o ornit\u00f3logo Dem\u00e9trio Loren, que \u00e9 funcion\u00e1rio da Copel. Como amante da natureza e dedicado \u00e0 observa\u00e7\u00e3o de p\u00e1ssaros, Loren fez quest\u00e3o de agradecer o prefeito pelas recentes melhorias realizadas no parque.<\/p>\n<p>&ldquo;Todos n\u00f3s apucaranenses devemos nos conscientizar que esta \u00e9 a segunda maior esta\u00e7\u00e3o ambiental do Norte do Paran\u00e1, perdendo em \u00e1rea apenas para a Mata dos Godoi, de Londrina&rdquo;, frisou Loren.<\/p>\n<p>Segundo ele, pouca gente sabe, mas Apucarana j\u00e1 est\u00e1 classificada entre os 60 munic\u00edpios do Pa\u00eds, aonde se observa um maior n\u00famero de aves. &ldquo;Hoje j\u00e1 registrei aqui maitacas, gar\u00e7as, tangar\u00e1 e sanha\u00e7os papa-laranja, al\u00e9m de bandos de macaco-prego, quatis, pre\u00e1s e lebres&rdquo;, contou Dem\u00e9trio.<\/p>\n<p>O ornit\u00f3logo apucaranense aproveita para comemorar um feito: &ldquo;Registrei aqui no Parque da Raposa a presen\u00e7a do Pica Pau Rei, uma ave que h\u00e1 d\u00e9cadas n\u00e3o era mais vista no Norte do Paran\u00e1&rdquo;, revelou.<\/p>\n","protected":false},"excerpt":{"rendered":"<p>O ornit&oacute;logo apucaranense aproveita para comemorar um feito: &ldquo;Registrei aqui  no Parque da Raposa a presen&ccedil;a do Pica Pau Rei, uma ave que h&aacute; d&eacute;cadas n&atilde;o era mais vista no Norte do Paran&aacute;&rdquo;<\/p>\n","protected":false},"author":4,"featured_media":0,"comment_status":"closed","ping_status":"closed","sticky":false,"template":"","format":"standard","meta":{"footnotes":""},"categories":[24],"tags":[],"class_list":["post-856","post","type-post","status-publish","format-standard","hentry","category-noticias"],"acf":[],"_links":{"self":[{"href":"https:\/\/www.apucarana.pr.gov.br\/site\/wp-json\/wp\/v2\/posts\/856","targetHints":{"allow":["GET"]}}],"collection":[{"href":"https:\/\/www.apucarana.pr.gov.br\/site\/wp-json\/wp\/v2\/posts"}],"about":[{"href":"https:\/\/www.apucarana.pr.gov.br\/site\/wp-json\/wp\/v2\/types\/post"}],"author":[{"embeddable":true,"href":"https:\/\/www.apucarana.pr.gov.br\/site\/wp-json\/wp\/v2\/users\/4"}],"replies":[{"embeddable":true,"href":"https:\/\/www.apucarana.pr.gov.br\/site\/wp-json\/wp\/v2\/comments?post=856"}],"version-history":[{"count":1,"href":"https:\/\/www.apucarana.pr.gov.br\/site\/wp-json\/wp\/v2\/posts\/856\/revisions"}],"predecessor-version":[{"id":106023,"href":"https:\/\/www.apucarana.pr.gov.br\/site\/wp-json\/wp\/v2\/posts\/856\/revisions\/106023"}],"wp:attachment":[{"href":"https:\/\/www.apucarana.pr.gov.br\/site\/wp-json\/wp\/v2\/media?parent=856"}],"wp:term":[{"taxonomy":"category","embeddable":true,"href":"https:\/\/www.apucarana.pr.gov.br\/site\/wp-json\/wp\/v2\/categories?post=856"},{"taxonomy":"post_tag","embeddable":true,"href":"https:\/\/www.apucarana.pr.gov.br\/site\/wp-json\/wp\/v2\/tags?post=856"}],"curies":[{"name":"wp","href":"https:\/\/api.w.org\/{rel}","templated":true}]}}