{"id":855,"date":"2013-06-08T11:08:59","date_gmt":"2013-06-08T11:08:59","guid":{"rendered":"http:\/\/172.16.0.7\/site-antigo\/?p=855"},"modified":"2024-10-08T09:06:19","modified_gmt":"2024-10-08T12:06:19","slug":"prefeito-beto-preto-lanca-campanha-de-vacinacao-contra-a-polio","status":"publish","type":"post","link":"https:\/\/www.apucarana.pr.gov.br\/site\/prefeito-beto-preto-lanca-campanha-de-vacinacao-contra-a-polio\/","title":{"rendered":"Prefeito Beto Preto lan\u00e7a campanha de vacina\u00e7\u00e3o contra a p\u00f3lio"},"content":{"rendered":"<p>O prefeito Beto Preto lan\u00e7ou oficialmente neste s\u00e1bado, na Unidade B\u00e1sica de Sa\u00fade (UBS) Ant&ocirc;nio Sacchelli, no Jardim Colonial, a Campanha Nacional de Vacina\u00e7\u00e3o contra a Poliomielite. Com a presen\u00e7a de autoridades de sa\u00fade e do vice-prefeito Junior da Femac, Beto conclamou aos pais a levar seus filhos para vacinar o quanto antes. &ldquo;Nosso grande objetivo \u00e9 atingir a meta de vacinar 7.400 crian\u00e7as entre 6 meses a 5 anos incompletos (6 meses a 4 anos 11 meses e 29 dias) j\u00e1 neste Dia D da campanha. A data de hoje \u00e9 ideal para evitar uma poss\u00edvel circula\u00e7\u00e3o do v\u00edrus da doen\u00e7a na nossa cidade&rdquo;, afirmou Beto.  <\/p>\n<p>O prefeito destacou ainda a import&acirc;ncia dos pais n\u00e3o esquecerem de levar a carteirinha de vacina\u00e7\u00e3o da crian\u00e7a, para que os agentes de sa\u00fade possam fazer uma revis\u00e3o e regularizar alguma dose que esteja em atraso.<\/p>\n<p>O Secret\u00e1rio da Sa\u00fade, H\u00e9lio Kissina, disse que a vacina\u00e7\u00e3o \u00e9 o meio mais eficaz combater a paralisia infantil. &ldquo;Vamos percorrer todos os postos de sa\u00fade neste s\u00e1bado. Nossa meta \u00e9 atingir 100% de imuniza\u00e7\u00e3o&rdquo;, declarou Kissina.<\/p>\n<p>De acordo com o vice-prefeito Junior da Femac, o objetivo da atual administra\u00e7\u00e3o \u00e9 ultrapassar a meta nas campanhas de vacina\u00e7\u00e3o. &ldquo;Beto Preto tem a forte determina\u00e7\u00e3o de resolver os problemas de sa\u00fade&rdquo;, destacou.<\/p>\n<p>Essa condi\u00e7\u00e3o j\u00e1 foi atingida na campanha nacional de vacina\u00e7\u00e3o contra a gripe, na qual Apucarana conseguiu imunizar 93% da popula\u00e7\u00e3o priorit\u00e1ria. &ldquo;O percentual ficou acima da m\u00e9dia da 16\u00aa Regional de Sa\u00fade e de outras cidades do mesmo porte de Apucarana&rdquo;, comemorou Beto Preto.<\/p>\n<p>A vacina\u00e7\u00e3o contra a poliomielite segue at\u00e9 o pr\u00f3ximo dia 21, em todos os postos de sa\u00fade com sala de vacina\u00e7\u00e3o. A estrat\u00e9gia de imuniza\u00e7\u00e3o nacional tem como objetivo garantir a n\u00e3o reintrodu\u00e7\u00e3o da doen\u00e7a no territ\u00f3rio brasileiro, com a manuten\u00e7\u00e3o de altas e homog\u00eaneas coberturas vacinais contra a poliomielite.<\/p><\/p>\n","protected":false},"excerpt":{"rendered":"<p>Sa&uacute;de quer atingir a meta de vacinar 7.400 crian&ccedil;as ainda neste s&aacute;bado<\/p>\n","protected":false},"author":4,"featured_media":0,"comment_status":"closed","ping_status":"closed","sticky":false,"template":"","format":"standard","meta":{"footnotes":""},"categories":[24],"tags":[],"class_list":["post-855","post","type-post","status-publish","format-standard","hentry","category-noticias"],"acf":[],"_links":{"self":[{"href":"https:\/\/www.apucarana.pr.gov.br\/site\/wp-json\/wp\/v2\/posts\/855","targetHints":{"allow":["GET"]}}],"collection":[{"href":"https:\/\/www.apucarana.pr.gov.br\/site\/wp-json\/wp\/v2\/posts"}],"about":[{"href":"https:\/\/www.apucarana.pr.gov.br\/site\/wp-json\/wp\/v2\/types\/post"}],"author":[{"embeddable":true,"href":"https:\/\/www.apucarana.pr.gov.br\/site\/wp-json\/wp\/v2\/users\/4"}],"replies":[{"embeddable":true,"href":"https:\/\/www.apucarana.pr.gov.br\/site\/wp-json\/wp\/v2\/comments?post=855"}],"version-history":[{"count":1,"href":"https:\/\/www.apucarana.pr.gov.br\/site\/wp-json\/wp\/v2\/posts\/855\/revisions"}],"predecessor-version":[{"id":106024,"href":"https:\/\/www.apucarana.pr.gov.br\/site\/wp-json\/wp\/v2\/posts\/855\/revisions\/106024"}],"wp:attachment":[{"href":"https:\/\/www.apucarana.pr.gov.br\/site\/wp-json\/wp\/v2\/media?parent=855"}],"wp:term":[{"taxonomy":"category","embeddable":true,"href":"https:\/\/www.apucarana.pr.gov.br\/site\/wp-json\/wp\/v2\/categories?post=855"},{"taxonomy":"post_tag","embeddable":true,"href":"https:\/\/www.apucarana.pr.gov.br\/site\/wp-json\/wp\/v2\/tags?post=855"}],"curies":[{"name":"wp","href":"https:\/\/api.w.org\/{rel}","templated":true}]}}