{"id":854,"date":"2013-06-07T16:05:59","date_gmt":"2013-06-07T16:05:59","guid":{"rendered":"http:\/\/172.16.0.7\/site-antigo\/?p=854"},"modified":"2024-10-08T09:06:19","modified_gmt":"2024-10-08T12:06:19","slug":"cras-1-realiza-pre-conferencia-em-apucarana","status":"publish","type":"post","link":"https:\/\/www.apucarana.pr.gov.br\/site\/cras-1-realiza-pre-conferencia-em-apucarana\/","title":{"rendered":"CRAS 1 realiza pr\u00e9-confer\u00eancia em Apucarana"},"content":{"rendered":"<p>Com trabalhos do CRAS 1, a Secretaria da Assist\u00eancia Social da Prefeitura de Apucarana realizou esta semana, na Igreja Cristo Rei (antiga Igreja do Pe. D\u00e9), no Jardim Diamantina, a segunda pr\u00e9-confer\u00eancia &ndash; de um total de cinco &ndash; visando a IX Confer\u00eancia Municipal de Assist\u00eancia Social. O momento contou com a presen\u00e7a do prefeito Beto Preto (PT) e da secret\u00e1ria da pasta, M\u00e1rcia Regina de Souza. Na ocasi\u00e3o, foram eleitos os delegados que v\u00e3o participar da confer\u00eancia.<\/p>\n<p>Agendada para o dia 5 de julho, em local ainda a ser confirmado, a nona confer\u00eancia municipal ter\u00e1 como destaque a palestra magna com o tema &ldquo;A Gest\u00e3o e o Financiamento na Efetiva\u00e7\u00e3o do SUAS&rdquo;, que ser\u00e1 ministrada por Telma Maranho, Diretora do Departamento de Prote\u00e7\u00e3o Social Especial do Minist\u00e9rio de Desenvolvimento Social e Combate \u00e0 Fome.  &ldquo;As Confer\u00eancias de Assist\u00eancia Social s\u00e3o espa\u00e7os de debate coletivo que oportunizam a participa\u00e7\u00e3o social, uma vez que re\u00fane diferentes organiza\u00e7\u00f5es da sociedade civil, representantes dos usu\u00e1rios, trabalhadores e das entidades, bem como o segmento governamental da \u00e1rea&rdquo;, destaca o prefeito Beto Preto (PT).  <\/p>\n<p>A primeira pr\u00e9-confer\u00eancia j\u00e1 havia acontecido no dia 24 de maio, com a participa\u00e7\u00e3o a equipe t\u00e9cnica da rede de servi\u00e7o s\u00f3cio assistencial, governamental e n\u00e3o governamental.  A terceira pr\u00e9-confer\u00eancia ser\u00e1 organizada pelo CRAS 2, no dia 12 de junho, \u00e0s 13h30, no Clube da Sabedoria. A quarta, dia 19 de junho, \u00e0s 13h30, na Escola Municipal Jos\u00e9 de Alencar, no Distrito de Vila Reis, com organiza\u00e7\u00e3o do CRAS 3. J\u00e1 a quinta pr\u00e9-confer\u00eancia, com trabalhos do CRAS 4, est\u00e1 agendada para o dia 26 de junho, \u00e0s 13h30, no Sal\u00e3o Paroquial da Igreja S\u00e3o Benedito, na Vila Regina. <\/p>\n<p> Outras informa\u00e7\u00f5es na Secretaria Municipal de Assist\u00eancia Social, pelo 3425-1511. <\/p>\n<p>CRAS 1<\/p>\n<p>Na pr\u00e9-confer\u00eancia foram eleitos 02 delegados titulares e 02 suplentes para a  Confer\u00eancia Municipal de Assist\u00eancia Social, que ocorrer\u00e1 no dia  05\/07\/2013, sem local definido. <\/p>\n<div>\n<div><b>Delegados Titulares<\/b><br \/>DAIRTON PERES REINOSO (SAPECADO) &ndash; Marcos Freire <br \/>ADRIANA CRISTINA DE SOUZA &#8211; Charles Chaplin <b><\/p>\n<p>Delegados Suplentes<\/b><br \/>MARLI NICASSIO DA SILVA PEREIRA &ndash; Dom Romeu <br \/>DIVA GRAVENA &ndash; Jardim Ponta Grossa<\/div>\n<\/div>\n<p> <\/p>\n","protected":false},"excerpt":{"rendered":"<p>Agendada para o dia 5 de julho, em local ainda a ser confirmado, a nona confer&ecirc;ncia municipal ter&aacute; como destaque a palestra magna com o tema &ldquo;A Gest&atilde;o e o Financiamento na Efetiva&ccedil;&atilde;o do SUAS&rdquo;<\/p>\n","protected":false},"author":4,"featured_media":0,"comment_status":"closed","ping_status":"closed","sticky":false,"template":"","format":"standard","meta":{"footnotes":""},"categories":[24],"tags":[],"class_list":["post-854","post","type-post","status-publish","format-standard","hentry","category-noticias"],"acf":[],"_links":{"self":[{"href":"https:\/\/www.apucarana.pr.gov.br\/site\/wp-json\/wp\/v2\/posts\/854","targetHints":{"allow":["GET"]}}],"collection":[{"href":"https:\/\/www.apucarana.pr.gov.br\/site\/wp-json\/wp\/v2\/posts"}],"about":[{"href":"https:\/\/www.apucarana.pr.gov.br\/site\/wp-json\/wp\/v2\/types\/post"}],"author":[{"embeddable":true,"href":"https:\/\/www.apucarana.pr.gov.br\/site\/wp-json\/wp\/v2\/users\/4"}],"replies":[{"embeddable":true,"href":"https:\/\/www.apucarana.pr.gov.br\/site\/wp-json\/wp\/v2\/comments?post=854"}],"version-history":[{"count":1,"href":"https:\/\/www.apucarana.pr.gov.br\/site\/wp-json\/wp\/v2\/posts\/854\/revisions"}],"predecessor-version":[{"id":106026,"href":"https:\/\/www.apucarana.pr.gov.br\/site\/wp-json\/wp\/v2\/posts\/854\/revisions\/106026"}],"wp:attachment":[{"href":"https:\/\/www.apucarana.pr.gov.br\/site\/wp-json\/wp\/v2\/media?parent=854"}],"wp:term":[{"taxonomy":"category","embeddable":true,"href":"https:\/\/www.apucarana.pr.gov.br\/site\/wp-json\/wp\/v2\/categories?post=854"},{"taxonomy":"post_tag","embeddable":true,"href":"https:\/\/www.apucarana.pr.gov.br\/site\/wp-json\/wp\/v2\/tags?post=854"}],"curies":[{"name":"wp","href":"https:\/\/api.w.org\/{rel}","templated":true}]}}