{"id":853,"date":"2013-06-07T13:54:00","date_gmt":"2013-06-07T13:54:00","guid":{"rendered":"http:\/\/172.16.0.7\/site-antigo\/?p=853"},"modified":"2024-10-08T09:06:19","modified_gmt":"2024-10-08T12:06:19","slug":"filha-procura-parentes-que-nao-ve-ha-32-anos","status":"publish","type":"post","link":"https:\/\/www.apucarana.pr.gov.br\/site\/filha-procura-parentes-que-nao-ve-ha-32-anos\/","title":{"rendered":"Filha procura parentes que n\u00e3o v\u00ea h\u00e1 32 anos"},"content":{"rendered":"<\/p>\n<p>Aten\u00e7\u00e3o Apucarana. Dona Leopoldina Santos de Almeida, nascida em Apucarana em 29 de setembro de 1954 e atualmente residindo em Rio das Pedras, Estado de S\u00e3o Paulo, procura parentes em Apucarana. Ela perdeu contato com todos h\u00e1 32 anos. <\/p>\n<p>S\u00e3o eles: m\u00e3e Nat\u00e1lia Maria dos Santos e pai Jo\u00e3o Firmino dos Santos. Os seus irm\u00e3os s\u00e3o: Francisco Firmino dos Santos, Enoque Firmino dos Santos, Lourisval Firmino dos Santos, Geni Firmino dos Santos, Maria Aparecida Firmino dos Santos e L\u00facia Firmino dos Santos. <\/p>\n<p>Se algu\u00e9m conhecer seus familiares ou se voc\u00ea \u00e9 um deles, entre em contato com ela. Dona Leopoldina Santos de Almeida: contato pelo (19) 9679-2363, ou recado com Ant&ocirc;nio no (19) 9896-9073, ou pelo e-mail da amiga Maria In\u00eas: mineise@hotmail.com.<\/p>\n<p><\/p>\n","protected":false},"excerpt":{"rendered":"<p>Dona Leopoldina Santos de Almeida, nascida em Apucarana em 29 de setembro de 1954 e atualmente residindo em Rio das Pedras, Estado de S&atilde;o Paulo, procura parentes<\/p>\n","protected":false},"author":4,"featured_media":0,"comment_status":"closed","ping_status":"closed","sticky":false,"template":"","format":"standard","meta":{"footnotes":""},"categories":[24],"tags":[],"class_list":["post-853","post","type-post","status-publish","format-standard","hentry","category-noticias"],"acf":[],"_links":{"self":[{"href":"https:\/\/www.apucarana.pr.gov.br\/site\/wp-json\/wp\/v2\/posts\/853","targetHints":{"allow":["GET"]}}],"collection":[{"href":"https:\/\/www.apucarana.pr.gov.br\/site\/wp-json\/wp\/v2\/posts"}],"about":[{"href":"https:\/\/www.apucarana.pr.gov.br\/site\/wp-json\/wp\/v2\/types\/post"}],"author":[{"embeddable":true,"href":"https:\/\/www.apucarana.pr.gov.br\/site\/wp-json\/wp\/v2\/users\/4"}],"replies":[{"embeddable":true,"href":"https:\/\/www.apucarana.pr.gov.br\/site\/wp-json\/wp\/v2\/comments?post=853"}],"version-history":[{"count":1,"href":"https:\/\/www.apucarana.pr.gov.br\/site\/wp-json\/wp\/v2\/posts\/853\/revisions"}],"predecessor-version":[{"id":106027,"href":"https:\/\/www.apucarana.pr.gov.br\/site\/wp-json\/wp\/v2\/posts\/853\/revisions\/106027"}],"wp:attachment":[{"href":"https:\/\/www.apucarana.pr.gov.br\/site\/wp-json\/wp\/v2\/media?parent=853"}],"wp:term":[{"taxonomy":"category","embeddable":true,"href":"https:\/\/www.apucarana.pr.gov.br\/site\/wp-json\/wp\/v2\/categories?post=853"},{"taxonomy":"post_tag","embeddable":true,"href":"https:\/\/www.apucarana.pr.gov.br\/site\/wp-json\/wp\/v2\/tags?post=853"}],"curies":[{"name":"wp","href":"https:\/\/api.w.org\/{rel}","templated":true}]}}