{"id":851,"date":"2013-06-06T17:48:59","date_gmt":"2013-06-06T17:48:59","guid":{"rendered":"http:\/\/172.16.0.7\/site-antigo\/?p=851"},"modified":"2024-10-08T09:06:19","modified_gmt":"2024-10-08T12:06:19","slug":"central-de-vacinas-muda-de-local-em-apucarana","status":"publish","type":"post","link":"https:\/\/www.apucarana.pr.gov.br\/site\/central-de-vacinas-muda-de-local-em-apucarana\/","title":{"rendered":"Central de Vacinas muda de local em Apucarana"},"content":{"rendered":"<p>A Autarquia Municipal de Sa\u00fade (AMS) de Apucarana, atrav\u00e9s do Departamento de Vigil&acirc;ncia Epidemiol\u00f3gica, comunica que a partir desta segunda-feira (10\/06), a Central de Vacinas Vit\u00f3rio Longo passa a funcionar junto \u00e0 Unidade B\u00e1sica de Sa\u00fade Romeu Milani (foto), localizada na Rua Oswaldo Cruz, n\u00ba 400 (ao lado da Escola da Gestante). <\/p>\n<p>A medida, segundo explica o prefeito Beto Preto (PT), atende vis\u00e3o do Minist\u00e9rio da Sa\u00fade que prev\u00ea a oferta de atendimento descentralizado \u00e0 popula\u00e7\u00e3o. <\/p>\n<p>D\u00favidas e outras informa\u00e7\u00f5es pelo 3422-5888.  <\/p>\n","protected":false},"excerpt":{"rendered":"<p>A medida, segundo explica o prefeito Beto Preto (PT), atende vis&atilde;o do Minist&eacute;rio da Sa&uacute;de<\/p>\n","protected":false},"author":4,"featured_media":0,"comment_status":"closed","ping_status":"closed","sticky":false,"template":"","format":"standard","meta":{"footnotes":""},"categories":[24],"tags":[],"class_list":["post-851","post","type-post","status-publish","format-standard","hentry","category-noticias"],"acf":[],"_links":{"self":[{"href":"https:\/\/www.apucarana.pr.gov.br\/site\/wp-json\/wp\/v2\/posts\/851","targetHints":{"allow":["GET"]}}],"collection":[{"href":"https:\/\/www.apucarana.pr.gov.br\/site\/wp-json\/wp\/v2\/posts"}],"about":[{"href":"https:\/\/www.apucarana.pr.gov.br\/site\/wp-json\/wp\/v2\/types\/post"}],"author":[{"embeddable":true,"href":"https:\/\/www.apucarana.pr.gov.br\/site\/wp-json\/wp\/v2\/users\/4"}],"replies":[{"embeddable":true,"href":"https:\/\/www.apucarana.pr.gov.br\/site\/wp-json\/wp\/v2\/comments?post=851"}],"version-history":[{"count":1,"href":"https:\/\/www.apucarana.pr.gov.br\/site\/wp-json\/wp\/v2\/posts\/851\/revisions"}],"predecessor-version":[{"id":106028,"href":"https:\/\/www.apucarana.pr.gov.br\/site\/wp-json\/wp\/v2\/posts\/851\/revisions\/106028"}],"wp:attachment":[{"href":"https:\/\/www.apucarana.pr.gov.br\/site\/wp-json\/wp\/v2\/media?parent=851"}],"wp:term":[{"taxonomy":"category","embeddable":true,"href":"https:\/\/www.apucarana.pr.gov.br\/site\/wp-json\/wp\/v2\/categories?post=851"},{"taxonomy":"post_tag","embeddable":true,"href":"https:\/\/www.apucarana.pr.gov.br\/site\/wp-json\/wp\/v2\/tags?post=851"}],"curies":[{"name":"wp","href":"https:\/\/api.w.org\/{rel}","templated":true}]}}