{"id":850,"date":"2013-06-06T17:37:00","date_gmt":"2013-06-06T17:37:00","guid":{"rendered":"http:\/\/172.16.0.7\/site-antigo\/?p=850"},"modified":"2024-10-08T09:06:19","modified_gmt":"2024-10-08T12:06:19","slug":"mp-intermedia-negociacao-para-passarela-na-vila-apucaraninha","status":"publish","type":"post","link":"https:\/\/www.apucarana.pr.gov.br\/site\/mp-intermedia-negociacao-para-passarela-na-vila-apucaraninha\/","title":{"rendered":"MP intermedia negocia\u00e7\u00e3o para passarela na Vila Apucaraninha"},"content":{"rendered":"<p><p><\/p>\n<p>As negocia\u00e7\u00f5es entre o munic\u00edpio de Apucarana e a Am\u00e9rica Latina Log\u00edstica (ALL) para constru\u00e7\u00e3o de uma passarela sobre a linha f\u00e9rrea na Vila Apucarana tiveram um avan\u00e7o significativo durante reuni\u00e3o realizada ontem (6) no Minist\u00e9rio P\u00fablico. No encontro, com a participa\u00e7\u00e3o do promotor Vilmar Ant&ocirc;nio da Fonseca, do vice-prefeito Junior da Femac, do procurador geral do munic\u00edpio, Paulo Vital e de moradores do bairro, os representantes da ALL pediram um prazo de 20 dias para que a diretoria da empresa avalie a possibilidade de custear integralmente a constru\u00e7\u00e3o da passarela.<\/p>\n<p>As discuss\u00f5es avan\u00e7aram depois que a prefeitura apresentou novo projeto da passarela, com um pre\u00e7o estimado de R$ 173.860,00. &ldquo;Essa obra trar\u00e1 benef\u00edcio para a pr\u00f3pria empresa, al\u00e9m de que seria mais facilmente realizada sem os tr&acirc;mites burocr\u00e1ticos e a falta de recursos do munic\u00edpio&rdquo;, justificou Junior.<\/p>\n<p>Os representantes da empresa se comprometeram em encaminhar um of\u00edcio \u00e0 2\u00aa Promotoria de Justi\u00e7a informando a decis\u00e3o da diretoria de arcar ou n\u00e3o com o custeio total da obra. A proposta inicial da ALL era de contribuir com um recurso de R$ 50 mil. na constru\u00e7\u00e3o da passarela. O munic\u00edpio, por sua vez, solicitou um prazo de 45 para apresentar um projeto pronto da obra.<\/p>\n<p><\/p>\n","protected":false},"excerpt":{"rendered":"<p>ALL vai avaliar a possibilidade de custear integralmente a constru&ccedil;&atilde;o<\/p>\n","protected":false},"author":4,"featured_media":0,"comment_status":"closed","ping_status":"closed","sticky":false,"template":"","format":"standard","meta":{"footnotes":""},"categories":[24],"tags":[],"class_list":["post-850","post","type-post","status-publish","format-standard","hentry","category-noticias"],"acf":[],"_links":{"self":[{"href":"https:\/\/www.apucarana.pr.gov.br\/site\/wp-json\/wp\/v2\/posts\/850","targetHints":{"allow":["GET"]}}],"collection":[{"href":"https:\/\/www.apucarana.pr.gov.br\/site\/wp-json\/wp\/v2\/posts"}],"about":[{"href":"https:\/\/www.apucarana.pr.gov.br\/site\/wp-json\/wp\/v2\/types\/post"}],"author":[{"embeddable":true,"href":"https:\/\/www.apucarana.pr.gov.br\/site\/wp-json\/wp\/v2\/users\/4"}],"replies":[{"embeddable":true,"href":"https:\/\/www.apucarana.pr.gov.br\/site\/wp-json\/wp\/v2\/comments?post=850"}],"version-history":[{"count":1,"href":"https:\/\/www.apucarana.pr.gov.br\/site\/wp-json\/wp\/v2\/posts\/850\/revisions"}],"predecessor-version":[{"id":106029,"href":"https:\/\/www.apucarana.pr.gov.br\/site\/wp-json\/wp\/v2\/posts\/850\/revisions\/106029"}],"wp:attachment":[{"href":"https:\/\/www.apucarana.pr.gov.br\/site\/wp-json\/wp\/v2\/media?parent=850"}],"wp:term":[{"taxonomy":"category","embeddable":true,"href":"https:\/\/www.apucarana.pr.gov.br\/site\/wp-json\/wp\/v2\/categories?post=850"},{"taxonomy":"post_tag","embeddable":true,"href":"https:\/\/www.apucarana.pr.gov.br\/site\/wp-json\/wp\/v2\/tags?post=850"}],"curies":[{"name":"wp","href":"https:\/\/api.w.org\/{rel}","templated":true}]}}