{"id":848,"date":"2013-06-06T16:57:59","date_gmt":"2013-06-06T16:57:59","guid":{"rendered":"http:\/\/172.16.0.7\/site-antigo\/?p=848"},"modified":"2024-10-08T09:06:19","modified_gmt":"2024-10-08T12:06:19","slug":"apucarana-celebra-inicio-da-macrorregional-dos-jogos-escolares","status":"publish","type":"post","link":"https:\/\/www.apucarana.pr.gov.br\/site\/apucarana-celebra-inicio-da-macrorregional-dos-jogos-escolares\/","title":{"rendered":"Apucarana celebra in\u00edcio da macrorregional dos Jogos Escolares"},"content":{"rendered":"<p>Com uma abertura hist\u00f3rica, marcada por apresenta\u00e7\u00e3o das atletas da sele\u00e7\u00e3o brasileira de Gin\u00e1stica R\u00edtmica (GR), que ainda este m\u00eas representa o Brasil no campeonato mundial a ser promovido em Paris (FRA), Apucarana deu in\u00edcio na noite desta quarta-feira (05\/06) \u00e0 fase macrorregional dos 60\u00ba Jogos Escolares do Paran\u00e1 (JEPs). O ato solene, que entre outras autoridades contou com a presen\u00e7a do prefeito Beto Preto, da secret\u00e1ria de Esportes de Apucarana, Dione Gaspar, e da chefe do N\u00facleo Regional de Educa\u00e7\u00e3o, Maria Onide Balan Sardinha, aconteceu no Complexo Esportivo Madre Josafata, no Col\u00e9gio Nossa Senhora da Gl\u00f3ria (Glorinha).   <\/p>\n<p>Al\u00e9m da execu\u00e7\u00e3o dos hinos Nacional Brasileiro e do Estado do Paran\u00e1, cujos pavilh\u00f5es foram conduzidos por soldados do 30\u00ba Batalh\u00e3o de Infantaria Mecanizado de Apucarana (30\u00ba BI-Mec), a emo\u00e7\u00e3o tomou conta dos presentes com a condu\u00e7\u00e3o do Fogo Simb\u00f3lico e acendimento da Pira Ol\u00edmpica, pelo atleta do atletismo Guilherme Uriel Fonseca, aluno da APAE, e o juramento dos Atletas, proferido pela atleta do t\u00eanis de mesa, Izabele Karine Carneiro, aluna do Col\u00e9gio Estadual Alberto Santos Dumont.<\/p>\n<p>Na ocasi\u00e3o, o prefeito Beto Preto declarou oficialmente aberto os jogos e saudou autoridades, p\u00fablico em geral e aos 2.110 atletas e dirigentes de 103 estabelecimentos de ensino, entre escolas particulares, p\u00fablicas e de educa\u00e7\u00e3o especial, oriundos das regionais de Apucarana, Ivaipor\u00e3, Londrina e Tel\u00eamaco Borba. No total, disputam a fase macrorregional de Apucarana 33 munic\u00edpios.<\/p>\n<p>Os jogos v\u00e3o at\u00e9 domingo (09\/06) em diversas pra\u00e7as esportivas. &ldquo;O Esporte \u00e9 o caminho para a qualidade de vida. Quem pratica atividade f\u00edsica pode ter a certeza de que ocupa o tempo de uma forma positiva, contribuindo para que o corpo fique distante da doen\u00e7a. Parabenizo a todos que contribu\u00edram para a organiza\u00e7\u00e3o desta fase macrorregional, que certamente ser\u00e1 coroada de \u00eaxito. Que todas as disputas sejam realizadas dentro da lealdade inerente ao Esporte&rdquo;, discursou o prefeito.<\/p>\n<p>Al\u00e9m do complexo esportivo do col\u00e9gio Glorinha, os jogos das modalidades atletismo, basquete, futsal, handebol, t\u00eanis de mesa, voleibol e xadrez, v\u00e3o acontecer em pistas, quadras e gin\u00e1sios do Mater Dei, Ant&ocirc;nio dos Tr\u00eas Reis de Oliveira, S\u00e3o Jos\u00e9, e tamb\u00e9m do Sesi e do 30\u00ba BIMtz. Em comum a todas equipes est\u00e1 a busca de uma vaga \u00e0 grande final dos 60\u00ba JEP&rsquo;s, nas categorias &ldquo;A&rdquo; (15 a 17 anos) e &ldquo;B&rdquo; (12 a 14 anos), que acontecer\u00e1 respectivamente em Foz do Igua\u00e7u e Guarapuava.<\/p>\n<p>Em seu pronunciamento, a secret\u00e1ria Municipal de Esportes, Dione Gaspar, agradeceu aos diretores das escolas, aos professores, em especial aos profissionais de educa\u00e7\u00e3o f\u00edsica, e aos alunos-atletas de todas as regionais participantes. &ldquo;Em nome do Munic\u00edpio, fa\u00e7o ainda um agradecimento especial \u00e0 Unopar e, principalmente, aos professores Florisvaldo Aparecido Sime\u00e3o e M\u00e1rcia Versani, coordenadores do curso de Educa\u00e7\u00e3o F\u00edsica da universidade, por ter presenteado o N\u00facleo Regional de Educa\u00e7\u00e3o de Apucarana, neste grande evento esportivo, com a presen\u00e7a da equipe de GR, campe\u00e3 brasileira&rdquo;, disse a secret\u00e1ria. <\/p>\n<p>Na solenidade, o Secret\u00e1rio de Estado do Esporte, Evandro Rog\u00e9rio Roman, foi representado pelo chefe do escrit\u00f3rio regional de Ivaipor\u00e3, Hilton C\u00e9sar Carvalho. Na ocasi\u00e3o, a chefe da Regional de Educa\u00e7\u00e3o de Apucarana, Maria Onide, falou em nome do secret\u00e1rio de Educa\u00e7\u00e3o Fl\u00e1vio Arns. &ldquo;Todos os esfor\u00e7os do Estado \u00e9 para que esta competi\u00e7\u00e3o continue sendo a grande festa de confraterniza\u00e7\u00e3o do esporte escolar paranaense&rdquo;, retransmitiu.<\/p>\n<p>Al\u00e9m de Apucarana, sediam em 2013 etapas macrorregionais os munic\u00edpios de Alt&ocirc;nia, Campo Largo, Palotina, P\u00e9rola do Oeste, Wenceslau Braz, Sarandi e Uni\u00e3o da Vit\u00f3ria. <\/p>\n<p>Considerado o maior evento esportivo estudantil da Am\u00e9rica Latina, a promo\u00e7\u00e3o dos 60\u00ba Jogos Escolares do Paran\u00e1 (JEPs) \u00e9 das secretarias de Estado da Educa\u00e7\u00e3o e do Esporte, em parceria com o N\u00facleo Regional de Educa\u00e7\u00e3o e Prefeitura de Apucarana. Mais informa\u00e7\u00f5es pelo site <a href=\"http:\/\/www.jogosescolares.pr.gov.br\">www.jogosescolares.pr.gov.br<\/a>. <\/p>\n<p><\/p>\n","protected":false},"excerpt":{"rendered":"<p>Na ocasi&atilde;o, o prefeito Beto Preto declarou oficialmente aberto os jogos e saudou autoridades, p&uacute;blico em geral e aos 2.110 atletas e dirigentes de 103 estabelecimentos de ensino<\/p>\n","protected":false},"author":4,"featured_media":0,"comment_status":"closed","ping_status":"closed","sticky":false,"template":"","format":"standard","meta":{"footnotes":""},"categories":[24],"tags":[],"class_list":["post-848","post","type-post","status-publish","format-standard","hentry","category-noticias"],"acf":[],"_links":{"self":[{"href":"https:\/\/www.apucarana.pr.gov.br\/site\/wp-json\/wp\/v2\/posts\/848","targetHints":{"allow":["GET"]}}],"collection":[{"href":"https:\/\/www.apucarana.pr.gov.br\/site\/wp-json\/wp\/v2\/posts"}],"about":[{"href":"https:\/\/www.apucarana.pr.gov.br\/site\/wp-json\/wp\/v2\/types\/post"}],"author":[{"embeddable":true,"href":"https:\/\/www.apucarana.pr.gov.br\/site\/wp-json\/wp\/v2\/users\/4"}],"replies":[{"embeddable":true,"href":"https:\/\/www.apucarana.pr.gov.br\/site\/wp-json\/wp\/v2\/comments?post=848"}],"version-history":[{"count":1,"href":"https:\/\/www.apucarana.pr.gov.br\/site\/wp-json\/wp\/v2\/posts\/848\/revisions"}],"predecessor-version":[{"id":106031,"href":"https:\/\/www.apucarana.pr.gov.br\/site\/wp-json\/wp\/v2\/posts\/848\/revisions\/106031"}],"wp:attachment":[{"href":"https:\/\/www.apucarana.pr.gov.br\/site\/wp-json\/wp\/v2\/media?parent=848"}],"wp:term":[{"taxonomy":"category","embeddable":true,"href":"https:\/\/www.apucarana.pr.gov.br\/site\/wp-json\/wp\/v2\/categories?post=848"},{"taxonomy":"post_tag","embeddable":true,"href":"https:\/\/www.apucarana.pr.gov.br\/site\/wp-json\/wp\/v2\/tags?post=848"}],"curies":[{"name":"wp","href":"https:\/\/api.w.org\/{rel}","templated":true}]}}