{"id":847,"date":"2013-06-06T15:18:00","date_gmt":"2013-06-06T15:18:00","guid":{"rendered":"http:\/\/172.16.0.7\/site-antigo\/?p=847"},"modified":"2024-10-08T09:06:19","modified_gmt":"2024-10-08T12:06:19","slug":"apucarana-conquista-nove-onibus-escolares-zero-km","status":"publish","type":"post","link":"https:\/\/www.apucarana.pr.gov.br\/site\/apucarana-conquista-nove-onibus-escolares-zero-km\/","title":{"rendered":"Apucarana conquista nove &#244;nibus escolares zero km"},"content":{"rendered":"<p>A frota de transporte escolar de Apucarana, composta por ve\u00edculos de 9 a 5 anos de uso, precisa ser renovada com urg\u00eancia. A informa\u00e7\u00e3o \u00e9 do prefeito Beto Preto, ao admitir que se preocupou com esse quadro desde os primeiros dias de sua gest\u00e3o e que buscou solu\u00e7\u00f5es para o problema.  <\/p>\n<p>&ldquo;Ainda neste m\u00eas de junho vamos receber nove &ocirc;nibus escolares zero quil&ocirc;metro, ao custo de R$ 1,7 milh\u00e3o, que ser\u00e1 bancado pelo Minist\u00e9rio da Educa\u00e7\u00e3o&rdquo;, anuncia o prefeito Beto Preto. Segundo ele, a licita\u00e7\u00e3o de &acirc;mbito nacional foi encaminhada pelo MEC. &ldquo;Fomos ouvidos e atendidos pelo Governo Federal e, nas pr\u00f3ximas semanas teremos um refor\u00e7o significativo para atender a demanda do nosso transporte escolar&rdquo;, assinalou o prefeito.<\/p>\n<p>Com rela\u00e7\u00e3o ao estado da frota que recebeu em janeiro, Beto Preto revela que os &ocirc;nibus usados, que haviam sido adquiridos em anos anteriores est\u00e3o inserv\u00edveis. &ldquo;Temos at\u00e9 um &ocirc;nibus que nem chegou a ter a sua propriedade transferida para o munic\u00edpio e, mesmo assim, teve a placa de identifica\u00e7\u00e3o adulterada&rdquo;, lembrou.<\/p>\n<p>Atualmente, a frota pr\u00f3pria do transporte escolar de Apucarana \u00e9 composta por 12 micro-&ocirc;nibus, 2 &ocirc;nibus e 3 kombis. J\u00e1 os ve\u00edculos terceirizados s\u00e3o 41 vans e kombis e 14 &ocirc;nibus.<\/p>\n<p>Em 71 linhas de transporte escolar s\u00e3o atendidos quase 5 mil alunos diariamente. A frota terceirizada percorre 7.700 km\/dia, e a frota pr\u00f3pria faz um percurso di\u00e1rio de 1.300 km. Ao mesmo tempo, o Munic\u00edpio tamb\u00e9m atende outros 800 estudantes com a libera\u00e7\u00e3o de passes gratuitos do transporte coletivo urbano.<\/p>\n<p><b>Fonte<\/b>: <a href=\"http:\/\/www.tnonline.com.br\/noticias\/apucarana\/45,193218,05,06,apucarana-conquista-nove-onibus-escolares-zero-km.shtml\">Site TN Online<\/a><\/p><\/p>\n","protected":false},"excerpt":{"rendered":"<p>O repasse dos recursos para compra, no valor de R$ 1,7 milh&atilde;o foi garantido no MEC <\/p>\n","protected":false},"author":4,"featured_media":0,"comment_status":"closed","ping_status":"closed","sticky":false,"template":"","format":"standard","meta":{"footnotes":""},"categories":[24],"tags":[],"class_list":["post-847","post","type-post","status-publish","format-standard","hentry","category-noticias"],"acf":[],"_links":{"self":[{"href":"https:\/\/www.apucarana.pr.gov.br\/site\/wp-json\/wp\/v2\/posts\/847","targetHints":{"allow":["GET"]}}],"collection":[{"href":"https:\/\/www.apucarana.pr.gov.br\/site\/wp-json\/wp\/v2\/posts"}],"about":[{"href":"https:\/\/www.apucarana.pr.gov.br\/site\/wp-json\/wp\/v2\/types\/post"}],"author":[{"embeddable":true,"href":"https:\/\/www.apucarana.pr.gov.br\/site\/wp-json\/wp\/v2\/users\/4"}],"replies":[{"embeddable":true,"href":"https:\/\/www.apucarana.pr.gov.br\/site\/wp-json\/wp\/v2\/comments?post=847"}],"version-history":[{"count":1,"href":"https:\/\/www.apucarana.pr.gov.br\/site\/wp-json\/wp\/v2\/posts\/847\/revisions"}],"predecessor-version":[{"id":106032,"href":"https:\/\/www.apucarana.pr.gov.br\/site\/wp-json\/wp\/v2\/posts\/847\/revisions\/106032"}],"wp:attachment":[{"href":"https:\/\/www.apucarana.pr.gov.br\/site\/wp-json\/wp\/v2\/media?parent=847"}],"wp:term":[{"taxonomy":"category","embeddable":true,"href":"https:\/\/www.apucarana.pr.gov.br\/site\/wp-json\/wp\/v2\/categories?post=847"},{"taxonomy":"post_tag","embeddable":true,"href":"https:\/\/www.apucarana.pr.gov.br\/site\/wp-json\/wp\/v2\/tags?post=847"}],"curies":[{"name":"wp","href":"https:\/\/api.w.org\/{rel}","templated":true}]}}