{"id":846,"date":"2013-06-06T15:08:00","date_gmt":"2013-06-06T15:08:00","guid":{"rendered":"http:\/\/172.16.0.7\/site-antigo\/?p=846"},"modified":"2024-10-08T09:06:20","modified_gmt":"2024-10-08T12:06:20","slug":"reitor-da-unespar-e-recebido-no-gabinete-municipal","status":"publish","type":"post","link":"https:\/\/www.apucarana.pr.gov.br\/site\/reitor-da-unespar-e-recebido-no-gabinete-municipal\/","title":{"rendered":"Reitor da Unespar \u00e9 recebido no gabinete municipal"},"content":{"rendered":"<p>O reitor da Universidade Estadual do Paran\u00e1 (Unespar), Antonio Carlos Aleixo, reuniu-se na manh\u00e3 desta quinta-feira (6 de junho) com o vice-prefeito de Apucarana, Sebasti\u00e3o Ferreira Martins Junior, o Junior da Femac. Aleixo est\u00e1 em Apucarana participando do 3\u00ba Encontro de Pesquisa e P\u00f3s Gradua\u00e7\u00e3o, que est\u00e1 sendo realizado no Audit\u00f3rio Gralha Azul, da Faculdade Estadual de Ci\u00eancias Econ&ocirc;micas de Apucarana (Fecea). O encontro, ocorrido no gabinete municipal e que contou com<span> participa\u00e7\u00e3o de diretores da Fecea, serviu para estreitar o relacionamento com o Munic\u00edpio e tamb\u00e9m para o encaminhamento de alguns projetos.<\/p>\n<p><\/span>  <\/p>\n<p>A Unespar possui 8 institui\u00e7\u00f5es de ensino superior espalhadas pelo Estado, uma das quais \u00e9 a Fecea. &ldquo;Viemos aqui para oferecer e pedir apoio, trocar ideias e para estabelecer o relacionamento institucional com a Prefeitura. A Fecea tem grande import&acirc;ncia na Unespar. &Eacute; bem desenvolvida e bem administrada, sempre implantando inova\u00e7\u00f5es como o Restaurante Universit\u00e1rio&rdquo;, afirma Aleixo, que esteve acompanhado durante a visita por Rog\u00e9rio Ribeiro, diretor da Fecea, Narciso Luiz Rastelli, vice-diretor, e Jean Soato, chefe da Divis\u00e3o de Administra\u00e7\u00e3o e Finan\u00e7as.<\/p>\n<p>De acordo com Aleixo, a Fecea tamb\u00e9m ser\u00e1 a primeira unidade da Unespar e a segunda faculdade em todo o Estado a aderir ao Sistema de Sele\u00e7\u00e3o Unificada (Sisu), que passar\u00e1 a vigorar no campus de Apucarana a partir do ano que vem. &ldquo;Isso s\u00f3 refor\u00e7a a import&acirc;ncia da Fecea, que responde por 12 dos 67 cursos superiores oferecidos pela Unespar&rdquo;, destaca.<\/p>\n<p>Junior da Femac falou em nome do prefeito Beto Preto, que est\u00e1 cumprindo agenda de interesse do Munic\u00edpio em Curitiba. &ldquo;Colocamos o Munic\u00edpio \u00e0 disposi\u00e7\u00e3o para dar apoio pol\u00edtico \u00e0 Unespar, junto aos governos estadual e federal. Tamb\u00e9m come\u00e7amos j\u00e1 neste encontro a discutir algumas parcerias, como a implanta\u00e7\u00e3o de um espa\u00e7o de desenvolvimento de inova\u00e7\u00e3o tecnol\u00f3gica e a possibilidade de trazer para Apucarana oficinas de artes pl\u00e1sticas e c\u00eanicas, atrav\u00e9s da Faculdade de Artes do Paran\u00e1, que integra a Unespar&rdquo;, frisa. <\/p>\n<p><\/p>\n","protected":false},"excerpt":{"rendered":"<p>A Unespar possui 8 institui&ccedil;&otilde;es de ensino superior espalhadas pelo Estado, uma das quais &eacute; a Fecea<\/p>\n","protected":false},"author":4,"featured_media":0,"comment_status":"closed","ping_status":"closed","sticky":false,"template":"","format":"standard","meta":{"footnotes":""},"categories":[24],"tags":[],"class_list":["post-846","post","type-post","status-publish","format-standard","hentry","category-noticias"],"acf":[],"_links":{"self":[{"href":"https:\/\/www.apucarana.pr.gov.br\/site\/wp-json\/wp\/v2\/posts\/846","targetHints":{"allow":["GET"]}}],"collection":[{"href":"https:\/\/www.apucarana.pr.gov.br\/site\/wp-json\/wp\/v2\/posts"}],"about":[{"href":"https:\/\/www.apucarana.pr.gov.br\/site\/wp-json\/wp\/v2\/types\/post"}],"author":[{"embeddable":true,"href":"https:\/\/www.apucarana.pr.gov.br\/site\/wp-json\/wp\/v2\/users\/4"}],"replies":[{"embeddable":true,"href":"https:\/\/www.apucarana.pr.gov.br\/site\/wp-json\/wp\/v2\/comments?post=846"}],"version-history":[{"count":1,"href":"https:\/\/www.apucarana.pr.gov.br\/site\/wp-json\/wp\/v2\/posts\/846\/revisions"}],"predecessor-version":[{"id":106033,"href":"https:\/\/www.apucarana.pr.gov.br\/site\/wp-json\/wp\/v2\/posts\/846\/revisions\/106033"}],"wp:attachment":[{"href":"https:\/\/www.apucarana.pr.gov.br\/site\/wp-json\/wp\/v2\/media?parent=846"}],"wp:term":[{"taxonomy":"category","embeddable":true,"href":"https:\/\/www.apucarana.pr.gov.br\/site\/wp-json\/wp\/v2\/categories?post=846"},{"taxonomy":"post_tag","embeddable":true,"href":"https:\/\/www.apucarana.pr.gov.br\/site\/wp-json\/wp\/v2\/tags?post=846"}],"curies":[{"name":"wp","href":"https:\/\/api.w.org\/{rel}","templated":true}]}}