{"id":845,"date":"2013-06-06T15:00:59","date_gmt":"2013-06-06T15:00:59","guid":{"rendered":"http:\/\/172.16.0.7\/site-antigo\/?p=845"},"modified":"2024-10-08T09:06:20","modified_gmt":"2024-10-08T12:06:20","slug":"pronatec-abre-inscricoes-para-novos-cursos-profissionalizantes-gratuitos","status":"publish","type":"post","link":"https:\/\/www.apucarana.pr.gov.br\/site\/pronatec-abre-inscricoes-para-novos-cursos-profissionalizantes-gratuitos\/","title":{"rendered":"Pronatec abre inscri\u00e7\u00f5es para novos cursos profissionalizantes gratuitos"},"content":{"rendered":"<p>J\u00e1 est\u00e3o abertas na Ag\u00eancia do Trabalhador de Apucarana e em todos os quatros Centros de Refer\u00eancia da Assist\u00eancia Social (CRAS) inscri\u00e7\u00f5es para novos cursos profissionalizantes. <\/p>\n<p>Ofertados pelo Sistema Nacional de Aprendizagem Comercial (Senac), em parceria com a Prefeitura de Apucarana, atrav\u00e9s do Pronatec &ndash; Programa Nacional de Acesso ao Ensino T\u00e9cnico, do Governo Federal, as oportunidades s\u00e3o para as forma\u00e7\u00f5es de operador de caixa, auxiliar administrativo, manicure\/pedicure e cabeleireiro assistente.<\/p>\n<p> &ldquo;S\u00e3o cursos de grande qualidade que v\u00e3o certamente promover um diferencial na vida profissional daqueles que o conclu\u00edrem. As vagas s\u00e3o limitadas, por isto os interessados devem procurar logo a inscri\u00e7\u00e3o&rdquo;, alerta o prefeito Beto Preto (PT).  <\/p>\n<p>Al\u00e9m da gratuidade, os cursos oferecem vale-transporte e alimenta\u00e7\u00e3o aos matriculados. Para efetivar inscri\u00e7\u00e3o, o interessado deve comparecer munido de c\u00f3pia do RG; c\u00f3pia do CPF; c\u00f3pia do Comprovante de Resid\u00eancia; e os menores de 18 anos de idade devem levar ainda c\u00f3pia RG e CPF do respons\u00e1vel.<\/p>\n<p><b>Cursos Pronatec pelo Senac em parceria com a Prefeitura de Apucarana<\/b><b><br \/><\/b> <\/p>\n<p><b>&#8211; Operador de Caixa<\/b>:<br \/>Per\u00edodo: noturno &ndash; 5x por semana, das 18h30 \u00e0s 22h30 <br \/>Idade m\u00ednima: 16 anos<br \/>Local: Senac.<\/p>\n<p><b>&#8211; Auxiliar Administrativo<\/b><br \/>Per\u00edodo: tarde &#8211; 5x por semana, das 13h30 \u00e0s17h30<br \/>Idade m\u00ednima: 16 anos<br \/>Local: Senac.<\/p>\n<p><b>&#8211; Manicure\/pedicure<\/b><br \/>Per\u00edodo: tarde &#8211; ter\u00e7a e quinta das 13h00 \u00e0s 17h00<br \/>Idade m\u00ednima: 18 anos<br \/>Local:Centro de Oficinas da Mulher Cidad\u00e3<br \/><b><br \/>&#8211; Cabeleireiro Assistente<\/b><br \/>Per\u00edodo: tarde &ndash; 5x por semana, das 13h00 as 17h00<br \/>Idade m\u00ednima: 18 anos<br \/>Local: Senac<\/p>\n<p><b>Inscri\u00e7\u00f5es:<\/b> Ag\u00eancia do TrabalhadorRua Ren\u00ea Camargo de Azambuja, 705. Telefone para informa\u00e7\u00f5es: 3424-5554; Tamb\u00e9m nos CRAS I, CRAS II, CRAS III e CRAS IV<\/p>\n<p><b>Documentos Necess\u00e1rios<\/b><br \/>C\u00f3pia do RG;<br \/>C\u00f3pia do CPF;<br \/>C\u00f3pia do Comprovante de Resid\u00eancia;<br \/>Menores de 18 anos: c\u00f3pia RG e CPF do respons\u00e1vel<\/p><\/p>\n","protected":false},"excerpt":{"rendered":"<p>Al&eacute;m da gratuidade, os cursos oferecem vale-transporte e alimenta&ccedil;&atilde;o aos matriculados<\/p>\n","protected":false},"author":4,"featured_media":0,"comment_status":"closed","ping_status":"closed","sticky":false,"template":"","format":"standard","meta":{"footnotes":""},"categories":[24],"tags":[],"class_list":["post-845","post","type-post","status-publish","format-standard","hentry","category-noticias"],"acf":[],"_links":{"self":[{"href":"https:\/\/www.apucarana.pr.gov.br\/site\/wp-json\/wp\/v2\/posts\/845","targetHints":{"allow":["GET"]}}],"collection":[{"href":"https:\/\/www.apucarana.pr.gov.br\/site\/wp-json\/wp\/v2\/posts"}],"about":[{"href":"https:\/\/www.apucarana.pr.gov.br\/site\/wp-json\/wp\/v2\/types\/post"}],"author":[{"embeddable":true,"href":"https:\/\/www.apucarana.pr.gov.br\/site\/wp-json\/wp\/v2\/users\/4"}],"replies":[{"embeddable":true,"href":"https:\/\/www.apucarana.pr.gov.br\/site\/wp-json\/wp\/v2\/comments?post=845"}],"version-history":[{"count":1,"href":"https:\/\/www.apucarana.pr.gov.br\/site\/wp-json\/wp\/v2\/posts\/845\/revisions"}],"predecessor-version":[{"id":106034,"href":"https:\/\/www.apucarana.pr.gov.br\/site\/wp-json\/wp\/v2\/posts\/845\/revisions\/106034"}],"wp:attachment":[{"href":"https:\/\/www.apucarana.pr.gov.br\/site\/wp-json\/wp\/v2\/media?parent=845"}],"wp:term":[{"taxonomy":"category","embeddable":true,"href":"https:\/\/www.apucarana.pr.gov.br\/site\/wp-json\/wp\/v2\/categories?post=845"},{"taxonomy":"post_tag","embeddable":true,"href":"https:\/\/www.apucarana.pr.gov.br\/site\/wp-json\/wp\/v2\/tags?post=845"}],"curies":[{"name":"wp","href":"https:\/\/api.w.org\/{rel}","templated":true}]}}