{"id":844,"date":"2013-06-06T14:03:59","date_gmt":"2013-06-06T14:03:59","guid":{"rendered":"http:\/\/172.16.0.7\/site-antigo\/?p=844"},"modified":"2024-10-08T09:06:20","modified_gmt":"2024-10-08T12:06:20","slug":"passeata-protesta-contra-maus-tratos-a-animais","status":"publish","type":"post","link":"https:\/\/www.apucarana.pr.gov.br\/site\/passeata-protesta-contra-maus-tratos-a-animais\/","title":{"rendered":"Passeata protesta contra maus-tratos a animais"},"content":{"rendered":"<p>O Canil Municipal de Apucarana e a Sociedade Protetora dos Animais de Apucarana (SOPRAP) realizam neste s\u00e1bado (08\/06) protesto contra maus-tratos e abandono de animais. <\/p>\n<p>A atividade vai envolver uma passeata com sa\u00edda \u00e0s 10 horas defronte ao antigo pr\u00e9dio da Paranamotor. Os protetores de animais seguem pela Avenida Curitiba at\u00e9 o cruzamento com a Rua S\u00e3o Jer&ocirc;nimo. <\/p>\n<p>Mais informa\u00e7\u00f5es 3901-1051. Participe do ativismo em defesa dos animais, acesse: <a href=\"http:\/\/www.crueldadenuncamais.com.br\">http:\/\/www.crueldadenuncamais.com.br<\/a>.   <\/p>\n<p><\/p>\n","protected":false},"excerpt":{"rendered":"<p>Evento ser&aacute; neste s&aacute;bado, com sa&iacute;da &agrave;s 10 horas defronte ao antigo pr&eacute;dio da Paranamotor<\/p>\n","protected":false},"author":4,"featured_media":0,"comment_status":"closed","ping_status":"closed","sticky":false,"template":"","format":"standard","meta":{"footnotes":""},"categories":[24],"tags":[],"class_list":["post-844","post","type-post","status-publish","format-standard","hentry","category-noticias"],"acf":[],"_links":{"self":[{"href":"https:\/\/www.apucarana.pr.gov.br\/site\/wp-json\/wp\/v2\/posts\/844","targetHints":{"allow":["GET"]}}],"collection":[{"href":"https:\/\/www.apucarana.pr.gov.br\/site\/wp-json\/wp\/v2\/posts"}],"about":[{"href":"https:\/\/www.apucarana.pr.gov.br\/site\/wp-json\/wp\/v2\/types\/post"}],"author":[{"embeddable":true,"href":"https:\/\/www.apucarana.pr.gov.br\/site\/wp-json\/wp\/v2\/users\/4"}],"replies":[{"embeddable":true,"href":"https:\/\/www.apucarana.pr.gov.br\/site\/wp-json\/wp\/v2\/comments?post=844"}],"version-history":[{"count":1,"href":"https:\/\/www.apucarana.pr.gov.br\/site\/wp-json\/wp\/v2\/posts\/844\/revisions"}],"predecessor-version":[{"id":106035,"href":"https:\/\/www.apucarana.pr.gov.br\/site\/wp-json\/wp\/v2\/posts\/844\/revisions\/106035"}],"wp:attachment":[{"href":"https:\/\/www.apucarana.pr.gov.br\/site\/wp-json\/wp\/v2\/media?parent=844"}],"wp:term":[{"taxonomy":"category","embeddable":true,"href":"https:\/\/www.apucarana.pr.gov.br\/site\/wp-json\/wp\/v2\/categories?post=844"},{"taxonomy":"post_tag","embeddable":true,"href":"https:\/\/www.apucarana.pr.gov.br\/site\/wp-json\/wp\/v2\/tags?post=844"}],"curies":[{"name":"wp","href":"https:\/\/api.w.org\/{rel}","templated":true}]}}