{"id":843,"date":"2013-06-06T13:07:59","date_gmt":"2013-06-06T13:07:59","guid":{"rendered":"http:\/\/172.16.0.7\/site-antigo\/?p=843"},"modified":"2024-10-08T09:06:20","modified_gmt":"2024-10-08T12:06:20","slug":"jornal-folha-de-londrina-registra-evento-turismo-movido-pela-fe","status":"publish","type":"post","link":"https:\/\/www.apucarana.pr.gov.br\/site\/jornal-folha-de-londrina-registra-evento-turismo-movido-pela-fe\/","title":{"rendered":"Jornal Folha de Londrina registra evento: Turismo movido pela f\u00e9"},"content":{"rendered":"<p><b>Apucarana<\/b> &#8211; Em um bloco de notas, o funcion\u00e1rio p\u00fablico Julio C\u00e9sar Machado anota as dicas sobre os pr\u00f3ximos destinos que pretende visitar. Para ele, que \u00e9 cat\u00f3lico, mapear as localidades onde poder\u00e1 adquirir mais conhecimento religioso, j\u00e1 faz parte do projeto de vida. <\/p>\n<p> Machado \u00e9 um exemplo de fi\u00e9is que t\u00eam promovido o turismo religioso em todo o pa\u00eds e tamb\u00e9m pelo mundo. &#8220;Al\u00e9m do turismo nacional, temos milhares de brasileiros que v\u00e3o, por exemplo, ao Vaticano e \u00e0 Palestina. S\u00f3 de Maring\u00e1, neste ano, oito grupos est\u00e3o sendo formados para visitar a Terra Santa&#8221;, diz dom Anuar Battisti, bispo referencial da Pastoral do Turismo no Brasil. <\/p>\n<p> Julio C\u00e9sar e dom Anuar participaram do 10\u00ba Congresso Internacional de Turismo Religioso Sustent\u00e1vel, realizado nesta semana em Apucarana (Centro-Norte). O bispo comenta que somente em Aparecida do Norte (SP) passam cerca de 12 milh\u00f5es de turistas anualmente. <\/p>\n<p> &#8220;Este congresso vem despertar o valor do turismo religioso e da peregrina\u00e7\u00e3o, revelando lugares de f\u00e9 que podem ser visitados por todos os religiosos e n\u00e3o s\u00f3 os cat\u00f3licos. Para isso contamos com a Pastoral do Turismo, que vem valorizar essas possibilidades no Paran\u00e1 e no Brasil, atuando em tr\u00eas frentes: a de preparar o turista, acompanh\u00e1-lo durante os dias de peregrina\u00e7\u00e3o e, por fim, transmitir essas experi\u00eancias para a comunidade local&#8221;, explica dom Anuar. <\/p>\n<p> Considerado um evento ecum\u00eanico de import&acirc;ncia social e econ&ocirc;mica, o congresso reuniu cerca de 700 pessoas entre palestrantes, l\u00edderes religiosos das mais diversas denomina\u00e7\u00f5es e fi\u00e9is, como Cl\u00e1udia Regina Locatelli, diretora de escola. &#8220;&Eacute; um evento diferente que acontece na cidade e acredito que essa uni\u00e3o de religi\u00f5es \u00e9 fundamental na busca de um bem comum de toda a sociedade. As palestras est\u00e3o abordando o turismo, com foco na cultura religiosa como fonte de prazer e conv\u00edvio. Estou achando \u00f3timo&#8221;, comenta Cl\u00e1udia, que por diversas vezes esteve no Rio de Janeiro e Curitiba, visitando espa\u00e7os de retiro espiritual. &#8220;Se eu pudesse escolher, gostaria de fazer o Caminho de Santiago de Compostela em breve&#8221;, ressalta. <\/p>\n<p> <b>Integra\u00e7\u00e3o<\/b><br \/> Sob o tema &#8220;Integra\u00e7\u00e3o e Conhecimento: A F\u00e9 em busca da Sustentabilidade&#8221;, o evento contou com a presen\u00e7a de delega\u00e7\u00f5es da Argentina, Bol\u00edvia, M\u00e9xico, Paraguai, Uruguai, Espanha, Vaticano, It\u00e1lia e &Iacute;ndia. &#8220;Como a &Iacute;ndia \u00e9 um pa\u00eds muito religioso, estou aqui para apresentar um pouco de cada religi\u00e3o, como o hindu\u00edsmo, que \u00e9 seguido por mais de 650 milh\u00f5es de indianos&#8221;, diz o padre George Chakkalakkal Xavier, que esteve pela primeira vez no Brasil. <\/p>\n<p> Para o mu\u00e7ulmano Gamal Oumairi, diretor religioso da mesquita de Curitiba Imam Ali ibn Abi T\u00e1lib e membro da Associa\u00e7\u00e3o Inter-Religiosa de Educa\u00e7\u00e3o (Assintec), a import&acirc;ncia do congresso est\u00e1 na diversidade das religi\u00f5es. &#8220;O Brasil \u00e9 um pa\u00eds multirreligioso e quando as pessoas t\u00eam acesso a um evento como este, elas encontram uma diversidade de informa\u00e7\u00f5es de outras cren\u00e7as, mesmo que n\u00e3o acreditem. Na minha opini\u00e3o, esse conhecimento \u00e9 um passo para quebrar preconceitos&#8221;, declara. <\/p>\n<p> De acordo com Oumairi, o templo em Curitiba recebe anualmente 12 mil turistas religiosos. &#8220;As pessoas t\u00eam vontade de conhecer lugares sagrados. Hoje, muitos est\u00e3o percebendo que os valores mais importantes est\u00e3o relacionados ao estado de esp\u00edrito e n\u00e3o ao materialismo&#8221;, salienta. <\/p>\n<p> Tamb\u00e9m no congresso foi lan\u00e7ada oficialmente a 28\u00aa Jornada Mundial de Juventude (JMJ), o maior evento da Igreja Cat\u00f3lica que acontecer\u00e1 em Julho, no Rio de Janeiro com a presen\u00e7a do Papa Francisco. S\u00e3o esperados 2,5 milh\u00f5es de peregrinos de v\u00e1rias nacionalidades. <\/p>\n<p> O presidente da comiss\u00e3o Especial Governamental da JMJ, Luiz Carlos Pugialli esteve em Apucarana e antecipou que j\u00e1 est\u00e3o confirmadas delega\u00e7\u00f5es de 175 pa\u00edses, 275 mil inscritos e 65 mil volunt\u00e1rios. Al\u00e9m dos n\u00fameros, Pugialli revelou a programa\u00e7\u00e3o do Papa durante sua estadia no Brasil.<\/p>\n<p><b>Fonte:<\/b><a href=\"http:\/\/www.folhaweb.com.br\/?id_folha=2-1--698-20130606\"> Jornal Folha de Londrina<\/a><\/p>\n<p><\/p>\n","protected":false},"excerpt":{"rendered":"<p>Evento internacional reuniu cerca de 700 pessoas entre palestrantes, l&iacute;deres das mais diversas denomina&ccedil;&otilde;es e fi&eacute;is<\/p>\n","protected":false},"author":4,"featured_media":0,"comment_status":"closed","ping_status":"closed","sticky":false,"template":"","format":"standard","meta":{"footnotes":""},"categories":[24],"tags":[],"class_list":["post-843","post","type-post","status-publish","format-standard","hentry","category-noticias"],"acf":[],"_links":{"self":[{"href":"https:\/\/www.apucarana.pr.gov.br\/site\/wp-json\/wp\/v2\/posts\/843","targetHints":{"allow":["GET"]}}],"collection":[{"href":"https:\/\/www.apucarana.pr.gov.br\/site\/wp-json\/wp\/v2\/posts"}],"about":[{"href":"https:\/\/www.apucarana.pr.gov.br\/site\/wp-json\/wp\/v2\/types\/post"}],"author":[{"embeddable":true,"href":"https:\/\/www.apucarana.pr.gov.br\/site\/wp-json\/wp\/v2\/users\/4"}],"replies":[{"embeddable":true,"href":"https:\/\/www.apucarana.pr.gov.br\/site\/wp-json\/wp\/v2\/comments?post=843"}],"version-history":[{"count":1,"href":"https:\/\/www.apucarana.pr.gov.br\/site\/wp-json\/wp\/v2\/posts\/843\/revisions"}],"predecessor-version":[{"id":106036,"href":"https:\/\/www.apucarana.pr.gov.br\/site\/wp-json\/wp\/v2\/posts\/843\/revisions\/106036"}],"wp:attachment":[{"href":"https:\/\/www.apucarana.pr.gov.br\/site\/wp-json\/wp\/v2\/media?parent=843"}],"wp:term":[{"taxonomy":"category","embeddable":true,"href":"https:\/\/www.apucarana.pr.gov.br\/site\/wp-json\/wp\/v2\/categories?post=843"},{"taxonomy":"post_tag","embeddable":true,"href":"https:\/\/www.apucarana.pr.gov.br\/site\/wp-json\/wp\/v2\/tags?post=843"}],"curies":[{"name":"wp","href":"https:\/\/api.w.org\/{rel}","templated":true}]}}