{"id":842,"date":"2013-06-05T19:00:59","date_gmt":"2013-06-05T19:00:59","guid":{"rendered":"http:\/\/172.16.0.7\/site-antigo\/?p=842"},"modified":"2024-10-08T09:06:20","modified_gmt":"2024-10-08T12:06:20","slug":"confraternizacao-e-emocao-no-encerramento-do-congresso","status":"publish","type":"post","link":"https:\/\/www.apucarana.pr.gov.br\/site\/confraternizacao-e-emocao-no-encerramento-do-congresso\/","title":{"rendered":"Confraterniza\u00e7\u00e3o e emo\u00e7\u00e3o no encerramento do congresso"},"content":{"rendered":"<p>Com a presen\u00e7a de autoridades e representantes de delega\u00e7\u00f5es de dez pa\u00edses que vieram para Apucarana, foi encerrada no final da tarde desta quarta-feira (5), no Cine Teatro F\u00eanix, o 10\u00ba Congresso Internacional de Turismo Religioso Sustent\u00e1vel. A solenidade, dirigida pelo prefeito Beto Preto, foi marcada pela confraterniza\u00e7\u00e3o e muita emo\u00e7\u00e3o entre os irm\u00e3os de v\u00e1rias nacionalidades.<\/p>\n<p>&ldquo;Agradecemos de cora\u00e7\u00e3o a presen\u00e7a de todos os irm\u00e3os latinos, europeus e asi\u00e1ticos que vieram abrilhantar este congresso, com suas experi\u00eancias e viv\u00eancias tur\u00edsticas e religiosas de v\u00e1rios credos. Em nome dos apucaranenses deixamos a todos o nosso abra\u00e7o fraterno, que levem boas lembran\u00e7as da nossa terra e que Deus aben\u00e7oe a todos no seu retorno&rdquo;, discursou o prefeito Beto Preto na despedida aos congressistas. <\/p>\n<p>O evento, de car\u00e1ter ecum\u00eanico, discutiu durante tr\u00eas dias todos os aspectos do turismo religioso no Brasil e no mundo, por meio de palestras, pain\u00e9is e debates. &ldquo;O nome de Apucarana e regi\u00e3o est\u00e1 agora, definitivamente, no mapa do turismo religioso&rdquo;, avaliou o prefeito Beto Preto.<\/p>\n<p>Ainda no ato solene de encerramento do congresso, foram conferidos diplomas de participa\u00e7\u00e3o a representantes das delega\u00e7\u00f5es da Argentina, Paraguai, Bol\u00edvia e M\u00e9xico. Homenagens foram estendidas \u00e0 organiza\u00e7\u00e3o, nas pessoas do prefeito Beto Preto, vice J\u00fanior da Femac (Idepplan), Ednei Mansano (Funcap), Fecea (curso de Turismo) e imprensa em geral. <\/p>\n","protected":false},"excerpt":{"rendered":"<p>&ldquo;O nome de Apucarana e regi&atilde;o est&aacute; agora, definitivamente, no mapa do turismo religioso&rdquo;, avaliou o prefeito Beto Preto.<\/p>\n","protected":false},"author":4,"featured_media":0,"comment_status":"closed","ping_status":"closed","sticky":false,"template":"","format":"standard","meta":{"footnotes":""},"categories":[24],"tags":[],"class_list":["post-842","post","type-post","status-publish","format-standard","hentry","category-noticias"],"acf":[],"_links":{"self":[{"href":"https:\/\/www.apucarana.pr.gov.br\/site\/wp-json\/wp\/v2\/posts\/842","targetHints":{"allow":["GET"]}}],"collection":[{"href":"https:\/\/www.apucarana.pr.gov.br\/site\/wp-json\/wp\/v2\/posts"}],"about":[{"href":"https:\/\/www.apucarana.pr.gov.br\/site\/wp-json\/wp\/v2\/types\/post"}],"author":[{"embeddable":true,"href":"https:\/\/www.apucarana.pr.gov.br\/site\/wp-json\/wp\/v2\/users\/4"}],"replies":[{"embeddable":true,"href":"https:\/\/www.apucarana.pr.gov.br\/site\/wp-json\/wp\/v2\/comments?post=842"}],"version-history":[{"count":1,"href":"https:\/\/www.apucarana.pr.gov.br\/site\/wp-json\/wp\/v2\/posts\/842\/revisions"}],"predecessor-version":[{"id":106037,"href":"https:\/\/www.apucarana.pr.gov.br\/site\/wp-json\/wp\/v2\/posts\/842\/revisions\/106037"}],"wp:attachment":[{"href":"https:\/\/www.apucarana.pr.gov.br\/site\/wp-json\/wp\/v2\/media?parent=842"}],"wp:term":[{"taxonomy":"category","embeddable":true,"href":"https:\/\/www.apucarana.pr.gov.br\/site\/wp-json\/wp\/v2\/categories?post=842"},{"taxonomy":"post_tag","embeddable":true,"href":"https:\/\/www.apucarana.pr.gov.br\/site\/wp-json\/wp\/v2\/tags?post=842"}],"curies":[{"name":"wp","href":"https:\/\/api.w.org\/{rel}","templated":true}]}}