{"id":841,"date":"2013-06-05T16:41:59","date_gmt":"2013-06-05T16:41:59","guid":{"rendered":"http:\/\/172.16.0.7\/site-antigo\/?p=841"},"modified":"2024-10-08T09:06:20","modified_gmt":"2024-10-08T12:06:20","slug":"apucarana-mantem-recuperacao-asfaltica","status":"publish","type":"post","link":"https:\/\/www.apucarana.pr.gov.br\/site\/apucarana-mantem-recuperacao-asfaltica\/","title":{"rendered":"Apucarana mant\u00e9m recupera\u00e7\u00e3o asf\u00e1ltica"},"content":{"rendered":"<p>Oper\u00e1rios e m\u00e1quinas da Secretaria de Obras da Prefeitura de Apucarana seguem com obras de melhoria da malha vi\u00e1ria. As frentes em andamento foram vistoriadas nesta quarta-feira (05\/06) pelo prefeito Beto Preto (PT), sendo aplica\u00e7\u00e3o de emuls\u00e3o impermeabilizante, na modalidade lama asf\u00e1ltica, em trechos da Avenida Munhoz da Rocha, na regi\u00e3o da Barra Funda, e recupera\u00e7\u00e3o com a mistura direta r\u00e1pida (MDR), nas imedia\u00e7\u00f5es do Jardim Laranjeiras. &ldquo;Estamos trabalhando dia a dia tendo como prioridade a qualidade do servi\u00e7o, com vistas \u00e0 durabilidade. Gradativamente estamos melhorando o pavimento tanto na \u00e1rea central, quanto nos bairros&rdquo;, informa o prefeito. <\/p>\n<p>Segundo Beto, na primeira empreitada est\u00e3o sendo dispensados cerca de 5 toneladas de emuls\u00e3o. &ldquo;Os servi\u00e7os na Munhoz da Rocha prosseguem nesta quinta. J\u00e1 no tocante ao MDR, a chamada massa a frio, estamos aplicando 10 toneladas de material para devolver a trafegabilidade aos trechos atendidos&rdquo;, diz.<\/p>\n<p>De acordo com o secret\u00e1rio da pasta, vice-prefeito J\u00fanior da Femac, a prefeitura tem diversos projetos tramitando nas esferas Federal e Estadual. &ldquo;Com a conquista de novos recursos vamos realizar ainda muitas obras no setor asf\u00e1ltico, levando a benfeitoria para onde ela ainda n\u00e3o existe e recuperando onde ela est\u00e1 degradada&rdquo;, conclui J\u00fanior.<\/p>\n<p><\/p>\n","protected":false},"excerpt":{"rendered":"<p>Prefeito vistoriou pessoalmente as frentes em andamento<\/p>\n","protected":false},"author":4,"featured_media":0,"comment_status":"closed","ping_status":"closed","sticky":false,"template":"","format":"standard","meta":{"footnotes":""},"categories":[24],"tags":[],"class_list":["post-841","post","type-post","status-publish","format-standard","hentry","category-noticias"],"acf":[],"_links":{"self":[{"href":"https:\/\/www.apucarana.pr.gov.br\/site\/wp-json\/wp\/v2\/posts\/841","targetHints":{"allow":["GET"]}}],"collection":[{"href":"https:\/\/www.apucarana.pr.gov.br\/site\/wp-json\/wp\/v2\/posts"}],"about":[{"href":"https:\/\/www.apucarana.pr.gov.br\/site\/wp-json\/wp\/v2\/types\/post"}],"author":[{"embeddable":true,"href":"https:\/\/www.apucarana.pr.gov.br\/site\/wp-json\/wp\/v2\/users\/4"}],"replies":[{"embeddable":true,"href":"https:\/\/www.apucarana.pr.gov.br\/site\/wp-json\/wp\/v2\/comments?post=841"}],"version-history":[{"count":1,"href":"https:\/\/www.apucarana.pr.gov.br\/site\/wp-json\/wp\/v2\/posts\/841\/revisions"}],"predecessor-version":[{"id":106038,"href":"https:\/\/www.apucarana.pr.gov.br\/site\/wp-json\/wp\/v2\/posts\/841\/revisions\/106038"}],"wp:attachment":[{"href":"https:\/\/www.apucarana.pr.gov.br\/site\/wp-json\/wp\/v2\/media?parent=841"}],"wp:term":[{"taxonomy":"category","embeddable":true,"href":"https:\/\/www.apucarana.pr.gov.br\/site\/wp-json\/wp\/v2\/categories?post=841"},{"taxonomy":"post_tag","embeddable":true,"href":"https:\/\/www.apucarana.pr.gov.br\/site\/wp-json\/wp\/v2\/tags?post=841"}],"curies":[{"name":"wp","href":"https:\/\/api.w.org\/{rel}","templated":true}]}}