{"id":840,"date":"2013-06-11T16:38:00","date_gmt":"2013-06-11T16:38:00","guid":{"rendered":"http:\/\/172.16.0.7\/site-antigo\/?p=840"},"modified":"2024-10-08T09:06:19","modified_gmt":"2024-10-08T12:06:19","slug":"polo-da-uab-abre-vestibular-para-ciencias-contabeis-pela-ufsc","status":"publish","type":"post","link":"https:\/\/www.apucarana.pr.gov.br\/site\/polo-da-uab-abre-vestibular-para-ciencias-contabeis-pela-ufsc\/","title":{"rendered":"Polo da UAB abre vestibular para Ci\u00eancias Cont\u00e1beis pela UFSC"},"content":{"rendered":"<p>J\u00e1 est\u00e3o abertas e v\u00e3o at\u00e9 o dia 17 de junho, exclusivamente pela internet, as inscri\u00e7\u00f5es para o curso de gradua\u00e7\u00e3o em Ci\u00eancias Cont\u00e1beis &ndash; bacharelado &#8211; pela Universidade Federal de Santa Catarina (UFSC). Ofertada na modalidade de educa\u00e7\u00e3o a dist&acirc;ncia (EaD), a forma\u00e7\u00e3o gratuita ser\u00e1 de quatro anos atrav\u00e9s do Polo Presencial Apucarana da Universidade Aberta do Brasil (UAB). Este primeiro vestibular disponibiliza 50 vagas para a cidade.<\/p>\n<p>O novo conv\u00eanio foi comemorado pelo prefeito Beto Preto (PT). &ldquo;J\u00e1 desenvolvemos em nosso polo cursos de gradua\u00e7\u00e3o e p\u00f3s-gradua\u00e7\u00e3o com importantes universidades do Paran\u00e1, como a UEPG, Unicentro e UFPR, beneficiando cerca de 930 estudantes da cidade, regi\u00e3o e at\u00e9 de outros estados, e agora conquistamos esta parceria com a tamb\u00e9m renomada Federal de Santa Catariana. &Eacute; mais um grande passo que muito nos alegra, pois simboliza ainda mais oportunidade de crescimento ao nosso povo&rdquo;, assinalou Beto.<\/p>\n<p>Ele destaca que atualmente, com as novas tecnologias, n\u00e3o existe mais fronteiras para ter acesso a uma forma\u00e7\u00e3o de excel\u00eancia. &ldquo;Gra\u00e7as ao Governo Federal, hoje a UAB, em parceria com as prefeituras, atrav\u00e9s das suas dezenas de polos presenciais, utiliza o que h\u00e1 de mais moderno em termos de tecnologia e leva o conhecimento produzido pelas melhores academias universit\u00e1rias a todo o pa\u00eds. Apucarana \u00e9 um destes espa\u00e7os privilegiados&rdquo;, pontua.<\/p>\n<p>A diretora do Polo Apucarana, professora Mara Nicolau, observa que os interessados no curso de gradua\u00e7\u00e3o em Ci\u00eancias Cont\u00e1beis pela UFSC devem j\u00e1 ter conclu\u00eddo ou concluir o Ensino M\u00e9dio (curso de 2\u00ba grau ou equivalente) at\u00e9 a data da matr\u00edcula. &ldquo;O ingresso dos aprovados no vestibular est\u00e1 previsto j\u00e1 para este segundo semestre&rdquo;, comunica.<\/p>\n<p>O teste de conhecimento, segundo complementa a secret\u00e1ria Especial de Ensino Superior de Apucarana, professora Marli Regina Fernandes da Silva, ser\u00e1 composto por 15 quest\u00f5es de L\u00edngua Portuguesa, 7 de Geografia e Hist\u00f3ria, 8 de Matem\u00e1tica e Reda\u00e7\u00e3o.<\/p>\n<p>O edital completo, com todas as orienta\u00e7\u00f5es para inscri\u00e7\u00e3o no processo seletivo, que acontece dia 7 de julho, no Polo Presencial de Apucarana, est\u00e1 dispon\u00edvel no endere\u00e7o <a href=\"http:\/\/www.vestibular2013ead.ufsc.br\">http:\/\/www.vestibular2013ead.ufsc.br<\/a>. A taxa de inscri\u00e7\u00e3o no vestibular \u00e9 de apenas R$70. A data prov\u00e1vel do resultado com a rela\u00e7\u00e3o dos aprovados \u00e9 o dia 22 de julho, tamb\u00e9m atrav\u00e9s do portal na internet.<\/p>\n<p>Outras informa\u00e7\u00f5es podem ainda ser obtidas no Polo Presencial Apucarana da UAB, localizado na Pra\u00e7a Rui Barbosa, 12, ou pelo telefone 3425-1603.<\/p><\/p>\n","protected":false},"excerpt":{"rendered":"<p>O novo conv&ecirc;nio foi comemorado pelo prefeito Beto Preto (PT)<\/p>\n","protected":false},"author":4,"featured_media":0,"comment_status":"closed","ping_status":"closed","sticky":false,"template":"","format":"standard","meta":{"footnotes":""},"categories":[24],"tags":[],"class_list":["post-840","post","type-post","status-publish","format-standard","hentry","category-noticias"],"acf":[],"_links":{"self":[{"href":"https:\/\/www.apucarana.pr.gov.br\/site\/wp-json\/wp\/v2\/posts\/840","targetHints":{"allow":["GET"]}}],"collection":[{"href":"https:\/\/www.apucarana.pr.gov.br\/site\/wp-json\/wp\/v2\/posts"}],"about":[{"href":"https:\/\/www.apucarana.pr.gov.br\/site\/wp-json\/wp\/v2\/types\/post"}],"author":[{"embeddable":true,"href":"https:\/\/www.apucarana.pr.gov.br\/site\/wp-json\/wp\/v2\/users\/4"}],"replies":[{"embeddable":true,"href":"https:\/\/www.apucarana.pr.gov.br\/site\/wp-json\/wp\/v2\/comments?post=840"}],"version-history":[{"count":1,"href":"https:\/\/www.apucarana.pr.gov.br\/site\/wp-json\/wp\/v2\/posts\/840\/revisions"}],"predecessor-version":[{"id":106014,"href":"https:\/\/www.apucarana.pr.gov.br\/site\/wp-json\/wp\/v2\/posts\/840\/revisions\/106014"}],"wp:attachment":[{"href":"https:\/\/www.apucarana.pr.gov.br\/site\/wp-json\/wp\/v2\/media?parent=840"}],"wp:term":[{"taxonomy":"category","embeddable":true,"href":"https:\/\/www.apucarana.pr.gov.br\/site\/wp-json\/wp\/v2\/categories?post=840"},{"taxonomy":"post_tag","embeddable":true,"href":"https:\/\/www.apucarana.pr.gov.br\/site\/wp-json\/wp\/v2\/tags?post=840"}],"curies":[{"name":"wp","href":"https:\/\/api.w.org\/{rel}","templated":true}]}}