{"id":839,"date":"2013-06-05T16:21:00","date_gmt":"2013-06-05T16:21:00","guid":{"rendered":"http:\/\/172.16.0.7\/site-antigo\/?p=839"},"modified":"2024-10-08T09:06:20","modified_gmt":"2024-10-08T12:06:20","slug":"apucarana-realiza-dia-d-contra-a-paralisia-infantil","status":"publish","type":"post","link":"https:\/\/www.apucarana.pr.gov.br\/site\/apucarana-realiza-dia-d-contra-a-paralisia-infantil\/","title":{"rendered":"Apucarana realiza &#8220;Dia D&#8221; contra a paralisia infantil"},"content":{"rendered":"<p>Com a meta de imunizar 7.400 crian\u00e7as a partir dos 6 meses at\u00e9 os menores de 5 anos de idade (6 meses a 4 anos 11 meses e 29 dias), a Autarquia Municipal de Sa\u00fade (AMS) de Apucarana, juntamente com o Minist\u00e9rio da Sa\u00fade e a Secretaria Estadual de Sa\u00fade, realiza a partir deste s\u00e1bado (08\/06) at\u00e9 o dia 21 de junho, a Campanha Nacional de Vacina\u00e7\u00e3o contra a Poliomielite. &ldquo;Trabalhamos com 100%, mas dentro da campanha, Apucarana espera atingir pelo menos 95% do grupo alvo, o que corresponde a 7.030 crian\u00e7as. Por isto desde j\u00e1 fa\u00e7o um apelo aos pais ou demais respons\u00e1veis por crian\u00e7as abrangidas pela campanha, para que n\u00e3o deixem de comparecer aos locais de vacina\u00e7\u00e3o&rdquo;, disse o prefeito Beto Preto (PT), que \u00e9 m\u00e9dico. Ele lembra que a vacina \u00e9 oral, a chamada &ldquo;gotinha&rdquo;. &ldquo;Importante n\u00e3o esquecer de levar a carteirinha de vacina\u00e7\u00e3o da crian\u00e7a&rdquo;, lembra.<\/p>\n<p>Segundo o secret\u00e1rio de Sa\u00fade de Apucarana, Dr. H\u00e9lio Kissina, neste ano o pa\u00eds realiza o 34\u00ba ano de campanhas nacionais de vacina\u00e7\u00e3o contra a Poliomielite, doen\u00e7a conhecida popularmente como &ldquo;paralisia infantil&rdquo;. &ldquo;Este \u00e9 o vig\u00e9simo quarto ano sem a doen\u00e7a no pa\u00eds. O Brasil est\u00e1 livre do poliov\u00edrus desde 1990 e assim deve se manter at\u00e9 a concreta certifica\u00e7\u00e3o mundial da erradica\u00e7\u00e3o deste agente infeccioso&rdquo;, comenta o secret\u00e1rio.   <\/p>\n<p>A estrat\u00e9gia de imuniza\u00e7\u00e3o nacional tem como objetivo garantir a n\u00e3o reintrodu\u00e7\u00e3o da doen\u00e7a no territ\u00f3rio brasileiro, com a manuten\u00e7\u00e3o de altas e homog\u00eaneas coberturas vacinais contra a poliomielite, tanto nas a\u00e7\u00f5es de rotina, como nas campanhas de vacina\u00e7\u00e3o e a adequada Vigil&acirc;ncia das Paralisias Fl\u00e1cidas Agudas (PFA).<\/p>\n<p><b>Dia D<\/b> &ndash; Neste s\u00e1bado (08\/06), acontece a abertura da campanha, &ldquo;Dia D&rdquo;, j\u00e1 com a disponibiliza\u00e7\u00e3o da dose da vacina nas unidades b\u00e1sicas de sa\u00fade (UBS). O ato oficial, com a presen\u00e7a das autoridades municipais, ser\u00e1 \u00e0s 8 horas, na Unidade B\u00e1sica de Sa\u00fade Ant&ocirc;nio Sachelli, no Jardim Colonial.<\/p>\n<p><b>Campanha contra a Poliomielite<\/b><b><\/p>\n<p>Locais e hor\u00e1rios:<\/b><b><\/p>\n<p>Dia 08\/06 &ndash; Dia D<\/b>  <\/p>\n<p>&#8211; Unidades B\u00e1sicas de Sa\u00fade, das 8 \u00e0s 17 horas.<\/p>\n<p><b>Do dia 08\/06 a 21\/06<br \/>&#8211; <\/b>Unidades B\u00e1sicas de Sa\u00fade, com Sala de Vacina;<br \/>&#8211; De segunda a sexta-feira, das 8 \u00e0s 16 horas.<\/p>\n<p>* Mais informa\u00e7\u00f5es 3422-5888.<\/p>\n<p><\/p>\n","protected":false},"excerpt":{"rendered":"<p>A estrat&eacute;gia de imuniza&ccedil;&atilde;o nacional tem como objetivo garantir a n&atilde;o reintrodu&ccedil;&atilde;o da doen&ccedil;a no territ&oacute;rio brasileiro<\/p>\n","protected":false},"author":4,"featured_media":0,"comment_status":"closed","ping_status":"closed","sticky":false,"template":"","format":"standard","meta":{"footnotes":""},"categories":[24],"tags":[],"class_list":["post-839","post","type-post","status-publish","format-standard","hentry","category-noticias"],"acf":[],"_links":{"self":[{"href":"https:\/\/www.apucarana.pr.gov.br\/site\/wp-json\/wp\/v2\/posts\/839","targetHints":{"allow":["GET"]}}],"collection":[{"href":"https:\/\/www.apucarana.pr.gov.br\/site\/wp-json\/wp\/v2\/posts"}],"about":[{"href":"https:\/\/www.apucarana.pr.gov.br\/site\/wp-json\/wp\/v2\/types\/post"}],"author":[{"embeddable":true,"href":"https:\/\/www.apucarana.pr.gov.br\/site\/wp-json\/wp\/v2\/users\/4"}],"replies":[{"embeddable":true,"href":"https:\/\/www.apucarana.pr.gov.br\/site\/wp-json\/wp\/v2\/comments?post=839"}],"version-history":[{"count":1,"href":"https:\/\/www.apucarana.pr.gov.br\/site\/wp-json\/wp\/v2\/posts\/839\/revisions"}],"predecessor-version":[{"id":106039,"href":"https:\/\/www.apucarana.pr.gov.br\/site\/wp-json\/wp\/v2\/posts\/839\/revisions\/106039"}],"wp:attachment":[{"href":"https:\/\/www.apucarana.pr.gov.br\/site\/wp-json\/wp\/v2\/media?parent=839"}],"wp:term":[{"taxonomy":"category","embeddable":true,"href":"https:\/\/www.apucarana.pr.gov.br\/site\/wp-json\/wp\/v2\/categories?post=839"},{"taxonomy":"post_tag","embeddable":true,"href":"https:\/\/www.apucarana.pr.gov.br\/site\/wp-json\/wp\/v2\/tags?post=839"}],"curies":[{"name":"wp","href":"https:\/\/api.w.org\/{rel}","templated":true}]}}