{"id":838,"date":"2013-06-05T16:11:00","date_gmt":"2013-06-05T16:11:00","guid":{"rendered":"http:\/\/172.16.0.7\/site-antigo\/?p=838"},"modified":"2024-10-08T09:06:20","modified_gmt":"2024-10-08T12:06:20","slug":"congressistas-visitam-parques-e-museu-de-apucarana","status":"publish","type":"post","link":"https:\/\/www.apucarana.pr.gov.br\/site\/congressistas-visitam-parques-e-museu-de-apucarana\/","title":{"rendered":"Congressistas visitam parques e museu de Apucarana"},"content":{"rendered":"<p>Paralelamente \u00e0 programa\u00e7\u00e3o t\u00e9cnica, com palestras e apresenta\u00e7\u00f5es no Cine Teatro F\u00eanix, a organiza\u00e7\u00e3o do X Congresso Internacional de Turismo Religioso Sustent\u00e1vel ofereceu, ontem (4) e hoje (5), aos congressistas passeios (city tour) pelos parques da cidade e museu. Argentinos, uruguaios, bolivianos e brasileiros de diversos estados percorreram o roteiro que come\u00e7ava pelo Parque Ecol\u00f3gico da Raposa, Parque Santo Expedito, Parque Jaboti, Parque da Reden\u00e7\u00e3o e o museu do Caf\u00e9, no distrito do Pirap\u00f3.  <\/p>\n<p>Durante os passeios, os congressistas receberam informa\u00e7\u00f5es sobre todos os roteiros, por parte de t\u00e9cnicos da Funda\u00e7\u00e3o Cultural e de Turismo e da Secretaria do Meio Ambiente.Entre os participantes do city tour de ontem estava o professor Luiz Carlos de Souza Pugialli, presidente da Comiss\u00e3o Especial Governamental da Jornada Mundial da Juventude Rio 2013, que proferiu palestra no congresso. <\/p>\n<p>Na visita do Parque Santo Expedito, os congressistas de comportaram como verdadeiros peregrinos, dedicando-se a momentos de ora\u00e7\u00e3o e devo\u00e7\u00e3o ao santo. &ldquo;Esse passeio nos proporciona conhecer os tipos de iniciativas voltadas para o turismo religioso. Presenciamos aqui bons exemplos que podemos levar para os nossos lugares&rdquo;, avalia o diretor de turismo da prov\u00edncia de Florida, no Uruguai, Gervasio Martinez.<\/p>\n<p><\/p>\n","protected":false},"excerpt":{"rendered":"<p>Entre os participantes estava o professor Luiz Carlos de Souza Pugialli, presidente da Comiss&atilde;o Especial Governamental da Jornada Mundial da Juventude Rio 2013<\/p>\n","protected":false},"author":4,"featured_media":0,"comment_status":"closed","ping_status":"closed","sticky":false,"template":"","format":"standard","meta":{"footnotes":""},"categories":[24],"tags":[],"class_list":["post-838","post","type-post","status-publish","format-standard","hentry","category-noticias"],"acf":[],"_links":{"self":[{"href":"https:\/\/www.apucarana.pr.gov.br\/site\/wp-json\/wp\/v2\/posts\/838","targetHints":{"allow":["GET"]}}],"collection":[{"href":"https:\/\/www.apucarana.pr.gov.br\/site\/wp-json\/wp\/v2\/posts"}],"about":[{"href":"https:\/\/www.apucarana.pr.gov.br\/site\/wp-json\/wp\/v2\/types\/post"}],"author":[{"embeddable":true,"href":"https:\/\/www.apucarana.pr.gov.br\/site\/wp-json\/wp\/v2\/users\/4"}],"replies":[{"embeddable":true,"href":"https:\/\/www.apucarana.pr.gov.br\/site\/wp-json\/wp\/v2\/comments?post=838"}],"version-history":[{"count":1,"href":"https:\/\/www.apucarana.pr.gov.br\/site\/wp-json\/wp\/v2\/posts\/838\/revisions"}],"predecessor-version":[{"id":106040,"href":"https:\/\/www.apucarana.pr.gov.br\/site\/wp-json\/wp\/v2\/posts\/838\/revisions\/106040"}],"wp:attachment":[{"href":"https:\/\/www.apucarana.pr.gov.br\/site\/wp-json\/wp\/v2\/media?parent=838"}],"wp:term":[{"taxonomy":"category","embeddable":true,"href":"https:\/\/www.apucarana.pr.gov.br\/site\/wp-json\/wp\/v2\/categories?post=838"},{"taxonomy":"post_tag","embeddable":true,"href":"https:\/\/www.apucarana.pr.gov.br\/site\/wp-json\/wp\/v2\/tags?post=838"}],"curies":[{"name":"wp","href":"https:\/\/api.w.org\/{rel}","templated":true}]}}