{"id":834,"date":"2013-06-04T18:09:59","date_gmt":"2013-06-04T18:09:59","guid":{"rendered":"http:\/\/172.16.0.7\/site-antigo\/?p=834"},"modified":"2024-10-08T09:06:20","modified_gmt":"2024-10-08T12:06:20","slug":"jornada-mundial-da-juventude-espera-receber-2-5-milhoes-de-peregrinos","status":"publish","type":"post","link":"https:\/\/www.apucarana.pr.gov.br\/site\/jornada-mundial-da-juventude-espera-receber-2-5-milhoes-de-peregrinos\/","title":{"rendered":"Jornada Mundial da Juventude espera receber 2,5 milh\u00f5es de peregrinos"},"content":{"rendered":"<p>A 28\u00aa edi\u00e7\u00e3o da Jornada Mundial da Juventude (JMJ &ndash; Rio 2013), que ocorre de 23 a 28 de julho no Rio de Janeiro, dever\u00e1 receber 2,5 milh\u00f5es de peregrinos oriundos da v\u00e1rias partes do mundo. Al\u00e9m disso, outros eventos que fazem parte da programa\u00e7\u00e3o da jornada e que contar\u00e3o com presen\u00e7a do Papa Francisco dever\u00e3o reunir mais 4 milh\u00f5es de pessoas.<span> Os n\u00fameros foram apresentados nesta ter\u00e7a-feira (4 de junho) por Luiz Carlos Pugialli, presidente da Comiss\u00e3o Especial Governamental da JMJ, que fez o pr\u00e9-lan\u00e7amento do evento em Apucarana. A atividade fez parte da programa\u00e7\u00e3o do X Congresso Internacional de Turismo Religioso Sustent\u00e1vel, que termina nesta quarta-feira, no Cine Teatro F\u00eanix. O prefeito de Apucarana, Beto Preto, participou do pr\u00e9-lan\u00e7amento da JMJ e presenteou Pugialli com alguns mimos, entre os quais um bon\u00e9 e um livro sobre a hist\u00f3ria da Catedral Nossa Senhora de Lourdes.<br \/><\/span><br \/>Pugialli \u00e9 secret\u00e1rio-executivo do papado no Brasil e esta \u00e9 a quarta visita do g\u00eanero que<span> ele est\u00e1 ajudando a organizar. No pr\u00e9-lan\u00e7amento da JMS, Pugialli divulgou toda a agenda do Papa Francisco no Brasil. De acordo com ele, o Papa Francisco manteve praticamente todo o roteiro que havia sido programado pelo papa Bento XVI e fez apenas 4 inclus\u00f5es. &ldquo;Ele pediu para visitar o Santu\u00e1rio Nacional de Nossa Senhora Aparecida, no que est\u00e1 sendo chamado de presen\u00e7a devocional. A segunda inclus\u00e3o foi uma visita ao Hospital S\u00e3o Francisco de Assis, onde existe um pavilh\u00e3o para dependentes qu\u00edmicos. A terceira, \u00e9 uma caminhada dentro da favela da comunidade de Varginha e a quarta inclus\u00e3o \u00e9 uma santa missa com bispos, sacerdotes, religiosos e seminaristas na catedral do Rio de Janeiro&rdquo;, relata.<\/span><\/p>\n<p>O presidente da Comiss\u00e3o Governamental da JMJ tamb\u00e9m fez um balan\u00e7o das a\u00e7\u00f5es que antecedem a jornada. At\u00e9 o momento, est\u00e3o confirmadas delega\u00e7\u00f5es de 175 pa\u00edses, resultando em 55 idiomas, j\u00e1 h\u00e1 275 mil inscritos e 65 mil volunt\u00e1rios cadastrados. &ldquo;Temos uma estimativa de 2,5 milh\u00f5es de jovens, mas o maior desafio \u00e9 saber quantas pessoas vamos conseguir reunir. Por isso, criamos uma campanha para incentivar as inscri\u00e7\u00f5es antecipadas, para podermos definir melhor a log\u00edstica para receber todo esse contingente&rdquo;, frisa.<\/p>\n<p>Segundo ele, o evento est\u00e1 sendo planejado em m\u00ednimos detalhes, envolvendo principalmente quest\u00f5es de tr&acirc;nsito, seguran\u00e7a, hospedagem e alimenta\u00e7\u00e3o, turismo e atrativos culturais. &ldquo;S\u00e3o esperados 20 mil &ocirc;nibus. Por isso, v\u00e3o ser criados nos acessos 3 barreiras, postos de triagem chamados de HUB&rsquo;s. Al\u00e9m disso, haver\u00e1 uma legisla\u00e7\u00e3o espec\u00edfica para a circula\u00e7\u00e3o do &ocirc;nibus que vai vigorar nos dias do evento e o cart\u00e3o peregrino para agilizar o acesso ao sistema de transporte coletivo, seja por trem, &ocirc;nibus ou metr&ocirc;&rdquo;, observa.<\/p>\n<p>Para facilitar o acolhimento de todo esse contingente e o escoamento do tr&acirc;nsito, ser\u00e1 decretado feriado nos dias 25 e 26 e ponto facultativo nas reparti\u00e7\u00f5es p\u00fablicas em outras datas pela Prefeitura e Governo do Estado.<span> O n\u00edvel de detalhamento tamb\u00e9m chega aos restaurantes credenciados, que ter\u00e3o um card\u00e1pio especial, o menu do peregrino. Quanto ao alojamento, a organiza\u00e7\u00e3o do evento conta com o suporte das par\u00f3quias, escolas municipais e estaduais, al\u00e9m de casas de fam\u00edlias hospedeiras. Na seguran\u00e7a, ser\u00e3o acionadas a For\u00e7a Nacional, Guarda Municipal e Pol\u00edcia Militar, tanto na prote\u00e7\u00e3o do Papa Francisco quanto nos demais eventos programados.<\/span><\/p>\n<p>Ao final do pr\u00e9-lan\u00e7amento da 28\u00aa JMS, Puglialli tamb\u00e9m aproveitou para falar das suas impress\u00f5es sobre Apucarana. &ldquo;Fiquei surpreso positivamente com a cidade, que \u00e9 muito agrad\u00e1vel e tem um prefeito que quer ver a sua cidade crescer. E o Brasil precisa de prefeitos assim. Gostaria de ficar mais tempo por aqui. Visitei o Parque da Reden\u00e7\u00e3o e achei um lugar fant\u00e1stico. Pena que tenho que ir embora&rdquo;, lamentou.<\/p>\n<p>AGENDA DO PAPA FRANCISCO NO BRASIL<\/p>\n<p>22 de julho<\/p>\n<p>16 horas &ndash; acolhida oficial no Aeroporto Internacional da Base A\u00e9rea do Gale\u00e3o (passagem do papa m\u00f3vel pelo centro do Rio at\u00e9 o Pal\u00e1cio Guanabara)<\/p>\n<p>17 horas &ndash; cerim&ocirc;nia de boas-vindas no Jardim do Pal\u00e1cio Guanabara (discurso do papa e da presidenta Dilma Rousseff) <\/p>\n<p>23 de julho<\/p>\n<p>19h30 &ndash; Missa de Acolhida aos peregrinos e abertura das catequeses &ndash; celebrado por Dom Orani Tempesta<\/p>\n<p>* neste dia o Papa n\u00e3o ter\u00e1 agenda externa<\/p>\n<p>24 de julho<\/p>\n<p>8h15 &ndash; sa\u00edda de helic\u00f3ptero para Aparecida (SP)<\/p>\n<p>10 horas &ndash; venera\u00e7\u00e3o da imagem da virgem na Bas\u00edlica do Santu\u00e1rio Nacional de Nossa Senhora Aparecida<\/p>\n<p>10h30 &ndash; Santa missa na Bas\u00edlica Nacional de Aparecida<\/p>\n<p>13 horas &ndash; almo\u00e7o no Semin\u00e1rio Bom Jesus<\/p>\n<p>16 horas &ndash; retorno ao Rio de Janeiro<\/p>\n<p>17h25 &ndash; chegada na base a\u00e9rea do III COMAR e deslocamento para o Hospital de S\u00e3o Francisco (Tijuca)<\/p>\n<p>18h30 &ndash; visita ao Hospital S\u00e3o Francisco de Assis (discurso do Santo Papa)<\/p>\n<p>25 de julho<\/p>\n<p>9h45 &ndash; entrega das chaves da cidade ao Santo Padre e b\u00ean\u00e7\u00e3o das bandeiras ol\u00edmpicas no Pal\u00e1cio da cidade (discurso do papa)<\/p>\n<p>11 horas &ndash; visita \u00e0 Comunidade de Varginha (regi\u00e3o pacificada)<\/p>\n<p>18 horas &ndash; festa de acolhida dos jovens na orla da praia de Copacabana<\/p>\n<p>26 de julho<\/p>\n<p>10 horas &ndash; confiss\u00e3o de alguns jovens na Quinta da Boa Vista<\/p>\n<p>11h30 &ndash; breve encontro com alguns jovens detentos<\/p>\n<p>12 horas &ndash; Angelus no balc\u00e3o do Pal\u00e1cio S\u00e3o Joaquim<\/p>\n<p>12h15 &ndash; almo\u00e7o com jovens de todos os continentes<\/p>\n<p>18 horas &ndash; Via Crucis na orla da praia de Copacabana<\/p>\n<p>27 de julho<\/p>\n<p>9 horas &ndash; santa missa com os bispos, sacerdotes, religiosos e seminaristas na Catedral do Rio de Janeiro<\/p>\n<p>11h30 &ndash; encontro com a sociedade civil no Theatro Municipal<\/p>\n<p>13 horas &ndash; almo\u00e7o com os cardeais do Brasil<\/p>\n<p>19h30 &ndash; vig\u00edlia de ora\u00e7\u00e3o (Campus Fidei, Guaratiba)<\/p>\n<p>28 de julho<\/p>\n<p>10 horas &ndash; santa missa no Campus Fidei, Guaratiba<\/p>\n<p>16 horas &ndash; Encontro com o Comit\u00ea do Celam, Sumar\u00e9<\/p>\n<p>17h30 &ndash; encontro com os volunt\u00e1rios, Riocentro<\/p>\n<p>18 horas &ndash; cerim&ocirc;nia de despedida, na Base A\u00e9rea do Gale\u00e3o<\/p>\n<p><\/p>\n","protected":false},"excerpt":{"rendered":"<p>Os n&uacute;meros foram apresentados nesta ter&ccedil;a por Luiz Carlos Pugialli, presidente da Comiss&atilde;o Especial Governamental da JMJ<\/p>\n","protected":false},"author":4,"featured_media":0,"comment_status":"closed","ping_status":"closed","sticky":false,"template":"","format":"standard","meta":{"footnotes":""},"categories":[24],"tags":[],"class_list":["post-834","post","type-post","status-publish","format-standard","hentry","category-noticias"],"acf":[],"_links":{"self":[{"href":"https:\/\/www.apucarana.pr.gov.br\/site\/wp-json\/wp\/v2\/posts\/834","targetHints":{"allow":["GET"]}}],"collection":[{"href":"https:\/\/www.apucarana.pr.gov.br\/site\/wp-json\/wp\/v2\/posts"}],"about":[{"href":"https:\/\/www.apucarana.pr.gov.br\/site\/wp-json\/wp\/v2\/types\/post"}],"author":[{"embeddable":true,"href":"https:\/\/www.apucarana.pr.gov.br\/site\/wp-json\/wp\/v2\/users\/4"}],"replies":[{"embeddable":true,"href":"https:\/\/www.apucarana.pr.gov.br\/site\/wp-json\/wp\/v2\/comments?post=834"}],"version-history":[{"count":1,"href":"https:\/\/www.apucarana.pr.gov.br\/site\/wp-json\/wp\/v2\/posts\/834\/revisions"}],"predecessor-version":[{"id":106043,"href":"https:\/\/www.apucarana.pr.gov.br\/site\/wp-json\/wp\/v2\/posts\/834\/revisions\/106043"}],"wp:attachment":[{"href":"https:\/\/www.apucarana.pr.gov.br\/site\/wp-json\/wp\/v2\/media?parent=834"}],"wp:term":[{"taxonomy":"category","embeddable":true,"href":"https:\/\/www.apucarana.pr.gov.br\/site\/wp-json\/wp\/v2\/categories?post=834"},{"taxonomy":"post_tag","embeddable":true,"href":"https:\/\/www.apucarana.pr.gov.br\/site\/wp-json\/wp\/v2\/tags?post=834"}],"curies":[{"name":"wp","href":"https:\/\/api.w.org\/{rel}","templated":true}]}}