{"id":833,"date":"2013-06-04T17:51:59","date_gmt":"2013-06-04T17:51:59","guid":{"rendered":"http:\/\/172.16.0.7\/site-antigo\/?p=833"},"modified":"2024-10-08T09:06:20","modified_gmt":"2024-10-08T12:06:20","slug":"assistencia-social-prepara-nona-conferencia-em-apucarana","status":"publish","type":"post","link":"https:\/\/www.apucarana.pr.gov.br\/site\/assistencia-social-prepara-nona-conferencia-em-apucarana\/","title":{"rendered":"Assist\u00eancia Social prepara nona confer\u00eancia em Apucarana"},"content":{"rendered":"<p>A Secretaria da Assist\u00eancia Social da Prefeitura de Apucarana divulgou nesta ter\u00e7a-feira (04\/06) a programa\u00e7\u00e3o das pr\u00e9-confer\u00eancias visando a IX Confer\u00eancia Municipal de Assist\u00eancia Social. Agendada para o dia 5 de julho, em local ainda a ser confirmado, destaque para a palestra magna com o tema &ldquo;A Gest\u00e3o e o Financiamento na Efetiva\u00e7\u00e3o do SUAS&rdquo;,<span> que ser\u00e1 ministrada por Telma Maranho, Diretora do Departamento de Prote\u00e7\u00e3o Social Especial do Minist\u00e9rio de Desenvolvimento Social e Combate \u00e0 Fome<i>. <\/i>&ldquo;<\/span>As Confer\u00eancias de Assist\u00eancia Social s\u00e3o espa\u00e7os de debate coletivo que oportunizam a participa\u00e7\u00e3o social, uma vez que re\u00fane diferentes organiza\u00e7\u00f5es da sociedade civil, representantes dos usu\u00e1rios, trabalhadores e das entidades, bem como o segmento governamental da \u00e1rea&rdquo;, destaca o prefeito Beto Preto (PT).   <\/p>\n<p>At\u00e9 o dia da confer\u00eancia, contudo, a prefeitura realiza cinco pr\u00e9-confer\u00eancias. A primeira j\u00e1 aconteceu, no dia 24 de maio, com a participa\u00e7\u00e3o a equipe t\u00e9cnica da rede de servi\u00e7o s\u00f3cio assistencial, governamental e n\u00e3o governamental. &ldquo;Teremos nesta quarta (hoje), a segunda pr\u00e9-confer\u00eancia. Os trabalhos ser\u00e3o do CRAS 1 e as atividades v\u00e3o ser realizadas a partir das 13h30, na Igreja Cristo Rei (antiga Igreja do Pe. D\u00e9), no Jardim Diamantina&rdquo;, informa M\u00e1rcia Regina de Souza, secret\u00e1ria Municipal da Assist\u00eancia Social.<\/p>\n<p>A terceira pr\u00e9-confer\u00eancia ser\u00e1 organizada pelo CRAS 2, no dia 12 de junho, \u00e0s 13h30, no Clube da Sabedoria. A quarta, dia 19 de junho, \u00e0s 13h30, na Escola Municipal Jos\u00e9 de Alencar, no Distrito de Vila Reis, com organiza\u00e7\u00e3o do CRAS 3. J\u00e1 a quinta pr\u00e9-confer\u00eancia, com trabalhos do CRAS 4, est\u00e1 agendada para o dia 26 de junho, \u00e0s 13h30, no Sal\u00e3o Paroquial da Igreja S\u00e3o Benedito, na Vila Regina. &ldquo;Esta programa\u00e7\u00e3o t\u00eam a finalidade de avaliar a situa\u00e7\u00e3o atual da Assist\u00eancia Social e propor novas diretrizes para o seu aperfei\u00e7oamento, em especial os avan\u00e7os do Sistema &Uacute;nico de Assist\u00eancia Social (SUAS)&rdquo;, explica a secret\u00e1ria. Ela destaca a import&acirc;ncia da participa\u00e7\u00e3o da popula\u00e7\u00e3o tanto nas pr\u00e9-confer\u00eancias, como na Confer\u00eancia. &ldquo;Tratam-se de momentos \u00fanicos, onde todos podem dar sugest\u00f5es e opini\u00f5es a respeito das pol\u00edticas p\u00fablicas para a assist\u00eancia social. Nossas a\u00e7\u00f5es est\u00e3o voltadas em fazer com que a comunidade participe, conhe\u00e7a as propostas e de sugest\u00f5es com rela\u00e7\u00e3o \u00e0s pol\u00edticas da assist\u00eancia social no munic\u00edpio&rdquo;, conclui M\u00e1rcia.<\/p>\n<p>Al\u00e9m da palestra magna, a confer\u00eancia do dia 5 de julho vai ter em sua programa\u00e7\u00e3o leitura e aprova\u00e7\u00e3o do regimento interno; referendamento dos membros da sociedade civil; apresenta\u00e7\u00e3o da nova composi\u00e7\u00e3o do Conselho Municipal de Assist\u00eancia Social; trabalhos em grupo; plen\u00e1ria; discuss\u00e3o e aprova\u00e7\u00e3o de propostas; escolha de delegados e suplentes para a confer\u00eancia regional e escolha de delegados para a confer\u00eancia estadual.<\/p>\n<p>Outras informa\u00e7\u00f5es na Secretaria Municipal de Assist\u00eancia Social, pelo 3425-1511.<\/p>\n<p><\/p>\n","protected":false},"excerpt":{"rendered":"<p>&ldquo;As Confer&ecirc;ncias de Assist&ecirc;ncia Social s&atilde;o espa&ccedil;os de debate coletivo que oportunizam a participa&ccedil;&atilde;o social<\/p>\n","protected":false},"author":4,"featured_media":0,"comment_status":"closed","ping_status":"closed","sticky":false,"template":"","format":"standard","meta":{"footnotes":""},"categories":[24],"tags":[],"class_list":["post-833","post","type-post","status-publish","format-standard","hentry","category-noticias"],"acf":[],"_links":{"self":[{"href":"https:\/\/www.apucarana.pr.gov.br\/site\/wp-json\/wp\/v2\/posts\/833","targetHints":{"allow":["GET"]}}],"collection":[{"href":"https:\/\/www.apucarana.pr.gov.br\/site\/wp-json\/wp\/v2\/posts"}],"about":[{"href":"https:\/\/www.apucarana.pr.gov.br\/site\/wp-json\/wp\/v2\/types\/post"}],"author":[{"embeddable":true,"href":"https:\/\/www.apucarana.pr.gov.br\/site\/wp-json\/wp\/v2\/users\/4"}],"replies":[{"embeddable":true,"href":"https:\/\/www.apucarana.pr.gov.br\/site\/wp-json\/wp\/v2\/comments?post=833"}],"version-history":[{"count":1,"href":"https:\/\/www.apucarana.pr.gov.br\/site\/wp-json\/wp\/v2\/posts\/833\/revisions"}],"predecessor-version":[{"id":106045,"href":"https:\/\/www.apucarana.pr.gov.br\/site\/wp-json\/wp\/v2\/posts\/833\/revisions\/106045"}],"wp:attachment":[{"href":"https:\/\/www.apucarana.pr.gov.br\/site\/wp-json\/wp\/v2\/media?parent=833"}],"wp:term":[{"taxonomy":"category","embeddable":true,"href":"https:\/\/www.apucarana.pr.gov.br\/site\/wp-json\/wp\/v2\/categories?post=833"},{"taxonomy":"post_tag","embeddable":true,"href":"https:\/\/www.apucarana.pr.gov.br\/site\/wp-json\/wp\/v2\/tags?post=833"}],"curies":[{"name":"wp","href":"https:\/\/api.w.org\/{rel}","templated":true}]}}