{"id":832,"date":"2013-06-04T13:45:00","date_gmt":"2013-06-04T13:45:00","guid":{"rendered":"http:\/\/172.16.0.7\/site-antigo\/?p=832"},"modified":"2024-10-08T09:06:20","modified_gmt":"2024-10-08T12:06:20","slug":"acidente-de-transito-deixa-ams-sem-energia-e-telefone","status":"publish","type":"post","link":"https:\/\/www.apucarana.pr.gov.br\/site\/acidente-de-transito-deixa-ams-sem-energia-e-telefone\/","title":{"rendered":"Acidente de tr&#226;nsito deixa AMS sem energia e telefone"},"content":{"rendered":"<p>A Autarquia Municipal de Sa\u00fade (AMS) de Apucarana comunica que por volta das 13h10 desta ter\u00e7a-feira (04\/06) um caminh\u00e3o enroscou na fia\u00e7\u00e3o p\u00fablica nas imedia\u00e7\u00f5es do pr\u00e9dio administrativo, localizado na Rua Miguel Sime\u00e3o. O acidente deixou a AMS sem energia el\u00e9trica e todas as linhas telef&ocirc;nicas est\u00e3o mudas.  <\/p>\n<p>As concession\u00e1rias respons\u00e1veis pelos servi\u00e7os j\u00e1 foram comunicadas e trabalham para restabelecer a normalidade, contudo, no momento n\u00e3o \u00e9 poss\u00edvel prever quanto tempo levar\u00e1. <\/p>\n<p>Diante do ocorrido, nenhum tipo de servi\u00e7o est\u00e1 sendo poss\u00edvel. Os cidad\u00e3os que hoje necessitarem dos servi\u00e7os da AMS, como agendamento de consultas, exames, ou contato com a diretoria e outros departamentos devem aguardar a conclus\u00e3o dos reparos.<\/p>\n<p><\/p>\n","protected":false},"excerpt":{"rendered":"<p>Um caminh&atilde;o enroscou na fia&ccedil;&atilde;o p&uacute;blica nas imedia&ccedil;&otilde;es do pr&eacute;dio administrativo<\/p>\n","protected":false},"author":4,"featured_media":0,"comment_status":"closed","ping_status":"closed","sticky":false,"template":"","format":"standard","meta":{"footnotes":""},"categories":[24],"tags":[],"class_list":["post-832","post","type-post","status-publish","format-standard","hentry","category-noticias"],"acf":[],"_links":{"self":[{"href":"https:\/\/www.apucarana.pr.gov.br\/site\/wp-json\/wp\/v2\/posts\/832","targetHints":{"allow":["GET"]}}],"collection":[{"href":"https:\/\/www.apucarana.pr.gov.br\/site\/wp-json\/wp\/v2\/posts"}],"about":[{"href":"https:\/\/www.apucarana.pr.gov.br\/site\/wp-json\/wp\/v2\/types\/post"}],"author":[{"embeddable":true,"href":"https:\/\/www.apucarana.pr.gov.br\/site\/wp-json\/wp\/v2\/users\/4"}],"replies":[{"embeddable":true,"href":"https:\/\/www.apucarana.pr.gov.br\/site\/wp-json\/wp\/v2\/comments?post=832"}],"version-history":[{"count":1,"href":"https:\/\/www.apucarana.pr.gov.br\/site\/wp-json\/wp\/v2\/posts\/832\/revisions"}],"predecessor-version":[{"id":106047,"href":"https:\/\/www.apucarana.pr.gov.br\/site\/wp-json\/wp\/v2\/posts\/832\/revisions\/106047"}],"wp:attachment":[{"href":"https:\/\/www.apucarana.pr.gov.br\/site\/wp-json\/wp\/v2\/media?parent=832"}],"wp:term":[{"taxonomy":"category","embeddable":true,"href":"https:\/\/www.apucarana.pr.gov.br\/site\/wp-json\/wp\/v2\/categories?post=832"},{"taxonomy":"post_tag","embeddable":true,"href":"https:\/\/www.apucarana.pr.gov.br\/site\/wp-json\/wp\/v2\/tags?post=832"}],"curies":[{"name":"wp","href":"https:\/\/api.w.org\/{rel}","templated":true}]}}