{"id":831,"date":"2013-06-04T11:06:59","date_gmt":"2013-06-04T11:06:59","guid":{"rendered":"http:\/\/172.16.0.7\/site-antigo\/?p=831"},"modified":"2024-10-08T09:06:20","modified_gmt":"2024-10-08T12:06:20","slug":"padre-marcelo-mendez-destaca-importancia-da-acolhida","status":"publish","type":"post","link":"https:\/\/www.apucarana.pr.gov.br\/site\/padre-marcelo-mendez-destaca-importancia-da-acolhida\/","title":{"rendered":"Padre Marcelo Mendez destaca import&#226;ncia da acolhida"},"content":{"rendered":"<p>Membro da Opera Romana Pellegrinaggi, localizada na It\u00e1lia e que \u00e9 a maior operadora de turismo do mundo, o padre Marcelo Mendez destaca a import&acirc;ncia da acolhida e da cria\u00e7\u00e3o de roteiros religiosos que agreguem valores espirituais. Mendez palestrou nesta ter\u00e7a-feira (4 de junho), durante o segundo dia do X Congresso Internacional de Turismo Religioso Sustent\u00e1vel. O padre, que tamb\u00e9m trabalhou no Observat\u00f3rio Romano, principal jornal ligado ao Vaticano, nasceu em Salta, na Argentina, e \u00e9 amigo pessoal do Papa Francisco. Marcelo Mendez falou sobre as Dimens\u00f5es da F\u00e9 no Peregrino e no Turista, citando ao longo da palestra considera\u00e7\u00f5es sobre o Turismo Religioso feitas pelo Papa Francisco. <\/p>\n<p>De acordo com o padre, v\u00e1rias a\u00e7\u00f5es devem ser desenvolvidas para que os visitantes tenham uma acolhida adequada. &ldquo;Os governos devem direcionar mais recursos para a forma\u00e7\u00e3o moral e humana das pessoas que trabalham com a atividade tur\u00edstica&rdquo;, afirma. Segundo ele, a capacita\u00e7\u00e3o deve envolver, por exemplo, tamb\u00e9m a forma\u00e7\u00e3o espiritual de gerentes de hot\u00e9is, guias tur\u00edsticos e motoristas, entre outros trabalhadores do turismo. <\/p>\n<p>Os agentes tamb\u00e9m devem estar preparados para, al\u00e9m de levar informa\u00e7\u00f5es hist\u00f3ricas, art\u00edsticas e culturais, identificar os prop\u00f3sitos religiosos dos visitantes. &ldquo;A procura por lugares santos \u00e9 um sinal do desejo de voltar para Deus e o acolhimento deve proporcionar a possibilidade das pessoas reconhecerem o significado do seu pr\u00f3prio caminho. &Eacute;, muitas vezes, uma oportunidade \u00fanica para conhecer a f\u00e9 crist\u00e3&rdquo;, avalia. <\/p>\n<p>  Outras a\u00e7\u00f5es que podem ser colocadas em pr\u00e1tica nas comunidades s\u00e3o a indica\u00e7\u00e3o, nas par\u00f3quias, de uma pessoa com conhecimento sobre turismo religioso e que fa\u00e7a a liga\u00e7\u00e3o institucional com \u00f3rg\u00e3os governamentais e n\u00e3o-governamentais. Al\u00e9m disso, conforme Mendez, \u00e9 importante fomentar a cria\u00e7\u00e3o de centros de informa\u00e7\u00f5es tur\u00edsticas e manter um di\u00e1logo permanente entre os atores do mundo do turismo.  <\/p>\n<p><\/p>\n","protected":false},"excerpt":{"rendered":"<p>Religioso falou sobre as Dimens&otilde;es da F&eacute; no Peregrino e no Turista, citando considera&ccedil;&otilde;es feitas pelo Papa Francisco.<\/p>\n","protected":false},"author":4,"featured_media":0,"comment_status":"closed","ping_status":"closed","sticky":false,"template":"","format":"standard","meta":{"footnotes":""},"categories":[24],"tags":[],"class_list":["post-831","post","type-post","status-publish","format-standard","hentry","category-noticias"],"acf":[],"_links":{"self":[{"href":"https:\/\/www.apucarana.pr.gov.br\/site\/wp-json\/wp\/v2\/posts\/831","targetHints":{"allow":["GET"]}}],"collection":[{"href":"https:\/\/www.apucarana.pr.gov.br\/site\/wp-json\/wp\/v2\/posts"}],"about":[{"href":"https:\/\/www.apucarana.pr.gov.br\/site\/wp-json\/wp\/v2\/types\/post"}],"author":[{"embeddable":true,"href":"https:\/\/www.apucarana.pr.gov.br\/site\/wp-json\/wp\/v2\/users\/4"}],"replies":[{"embeddable":true,"href":"https:\/\/www.apucarana.pr.gov.br\/site\/wp-json\/wp\/v2\/comments?post=831"}],"version-history":[{"count":1,"href":"https:\/\/www.apucarana.pr.gov.br\/site\/wp-json\/wp\/v2\/posts\/831\/revisions"}],"predecessor-version":[{"id":106048,"href":"https:\/\/www.apucarana.pr.gov.br\/site\/wp-json\/wp\/v2\/posts\/831\/revisions\/106048"}],"wp:attachment":[{"href":"https:\/\/www.apucarana.pr.gov.br\/site\/wp-json\/wp\/v2\/media?parent=831"}],"wp:term":[{"taxonomy":"category","embeddable":true,"href":"https:\/\/www.apucarana.pr.gov.br\/site\/wp-json\/wp\/v2\/categories?post=831"},{"taxonomy":"post_tag","embeddable":true,"href":"https:\/\/www.apucarana.pr.gov.br\/site\/wp-json\/wp\/v2\/tags?post=831"}],"curies":[{"name":"wp","href":"https:\/\/api.w.org\/{rel}","templated":true}]}}