{"id":830,"date":"2013-06-03T18:11:59","date_gmt":"2013-06-03T18:11:59","guid":{"rendered":"http:\/\/172.16.0.7\/site-antigo\/?p=830"},"modified":"2024-10-08T09:06:20","modified_gmt":"2024-10-08T12:06:20","slug":"dom-anuar-batisti-e-o-professor-brambatti-visitam-prefeito-beto-preto","status":"publish","type":"post","link":"https:\/\/www.apucarana.pr.gov.br\/site\/dom-anuar-batisti-e-o-professor-brambatti-visitam-prefeito-beto-preto\/","title":{"rendered":"Dom Anuar Batisti e o professor Brambatti visitam prefeito Beto Preto"},"content":{"rendered":"<p>O prefeito Beto Preto teve nesta segunda-feira (03\/06) a grata honra de receber em seu gabinete a visita do arcebispo de Maring\u00e1, Dom Anuar Batisti, que veio a Apucarana participar do 10\u00ba Congresso Internacional de Turismo Religioso Sustent\u00e1vel.   <\/p>\n<p>Na condi\u00e7\u00e3o de bispo de refer\u00eancia no turismo no Brasil, dentro da CNBB, Dom Anuar Batisti, fez quest\u00e3o de destacar a dedica\u00e7\u00e3o e o esfor\u00e7o pessoal do prefeito Beto Preto, na realiza\u00e7\u00e3o do congresso. &ldquo;Sem apoio do Munic\u00edpio n\u00e3o seria poss\u00edvel viabilizar um evento desta magnitude, reunindo personalidades do turismo religioso de v\u00e1rias na\u00e7\u00f5es&rdquo;, avaliou Dom Anuar. <\/p>\n<p>Na visita, o arcebispo de Maring\u00e1 esteve acompanhado do professor Luiz Ernesto Brambatti, Doutor em Turismo pela Universidade Federal do Paran\u00e1. Ele enalteceu o conte\u00fado e as presen\u00e7as de qualidade no congresso, bem como o empenho do Munic\u00edpio na organiza\u00e7\u00e3o. &ldquo;Daquilo que pude acompanhar at\u00e9 agora posso afirmar com convic\u00e7\u00e3o que Apucarana e regi\u00e3o t\u00eam um grande potencial na \u00e1rea do turismo religioso&rdquo;, afirmou Brambatti. <\/p>\n<p><span>No encontro o prefeito Beto Preto agradeceu a ambos pela participa\u00e7\u00e3o no congresso. &ldquo;Para n\u00f3s apucaranenses, \u00e9 uma satisfa\u00e7\u00e3o receber t\u00e3o ilustres visitantes, que engrandecem o nosso evento&rdquo;, assinalou Beto Preto. <\/span><\/p>\n<p><\/p>\n","protected":false},"excerpt":{"rendered":"<p>No encontro o prefeito Beto Preto agradeceu a ambos pela participa&ccedil;&atilde;o no congresso<\/p>\n","protected":false},"author":4,"featured_media":0,"comment_status":"closed","ping_status":"closed","sticky":false,"template":"","format":"standard","meta":{"footnotes":""},"categories":[24],"tags":[],"class_list":["post-830","post","type-post","status-publish","format-standard","hentry","category-noticias"],"acf":[],"_links":{"self":[{"href":"https:\/\/www.apucarana.pr.gov.br\/site\/wp-json\/wp\/v2\/posts\/830","targetHints":{"allow":["GET"]}}],"collection":[{"href":"https:\/\/www.apucarana.pr.gov.br\/site\/wp-json\/wp\/v2\/posts"}],"about":[{"href":"https:\/\/www.apucarana.pr.gov.br\/site\/wp-json\/wp\/v2\/types\/post"}],"author":[{"embeddable":true,"href":"https:\/\/www.apucarana.pr.gov.br\/site\/wp-json\/wp\/v2\/users\/4"}],"replies":[{"embeddable":true,"href":"https:\/\/www.apucarana.pr.gov.br\/site\/wp-json\/wp\/v2\/comments?post=830"}],"version-history":[{"count":1,"href":"https:\/\/www.apucarana.pr.gov.br\/site\/wp-json\/wp\/v2\/posts\/830\/revisions"}],"predecessor-version":[{"id":106049,"href":"https:\/\/www.apucarana.pr.gov.br\/site\/wp-json\/wp\/v2\/posts\/830\/revisions\/106049"}],"wp:attachment":[{"href":"https:\/\/www.apucarana.pr.gov.br\/site\/wp-json\/wp\/v2\/media?parent=830"}],"wp:term":[{"taxonomy":"category","embeddable":true,"href":"https:\/\/www.apucarana.pr.gov.br\/site\/wp-json\/wp\/v2\/categories?post=830"},{"taxonomy":"post_tag","embeddable":true,"href":"https:\/\/www.apucarana.pr.gov.br\/site\/wp-json\/wp\/v2\/tags?post=830"}],"curies":[{"name":"wp","href":"https:\/\/api.w.org\/{rel}","templated":true}]}}