{"id":829,"date":"2013-06-03T17:55:59","date_gmt":"2013-06-03T17:55:59","guid":{"rendered":"http:\/\/172.16.0.7\/site-antigo\/?p=829"},"modified":"2024-10-08T09:06:20","modified_gmt":"2024-10-08T12:06:20","slug":"educacao-para-jovens-e-adultos-abre-matriculas","status":"publish","type":"post","link":"https:\/\/www.apucarana.pr.gov.br\/site\/educacao-para-jovens-e-adultos-abre-matriculas\/","title":{"rendered":"Educa\u00e7\u00e3o para Jovens e Adultos abre matr\u00edculas"},"content":{"rendered":"<p><p><b><u>MATR&Iacute;CULAS ABERTAS para educa\u00e7\u00e3o de jovens e adultos<\/u><\/b><\/p>\n<p>A Autarquia Municipal de Educa\u00e7\u00e3o (AME) comunica que est\u00e3o abertas, em quatro novas escolas, matr\u00edculas da Educa\u00e7\u00e3o para Jovens e Adultos (EJA) da Fase 1 (alfabetiza\u00e7\u00e3o at\u00e9 o 5\u00ba ano). Os interessados devem procurar a escola municipal Monsenhor Arnaldo Beltrami (Jardim Colonial) &ndash; Fone 3425-8446; Pl\u00e1cido de Castro (N\u00facleo Adriano Correia) &ndash; Fone 3424-7213; Vereador Jos\u00e9 Ramos de Oliveira (Distrito de Pirap\u00f3) &ndash; Fone 3440-1290; ou Padre Ant&ocirc;nio Vieira (Distrito de Correia de Freitas) &ndash; Fone 3458-004.<\/p>\n<p><b><u>MORADORES DO BARREIRO ganham transporte para aulas de alfabetiza\u00e7\u00e3o<\/u><\/b><\/p>\n<p>A Autarquia Municipal de Educa\u00e7\u00e3o (AME) convoca os moradores da Comunidade do Barreiro interessados em concluir os estudos da EJA Fase 1 e Fase II (da alfabetiza\u00e7\u00e3o ao ensino m\u00e9dio), para procurarem a secretaria da Escola Municipal Papa Jo\u00e3o XXIII, localizada na Vila Regina. Os matriculados v\u00e3o ter direito a transporte gratuito da comunidade \u00e0 institui\u00e7\u00e3o de ensino. Mais informa\u00e7\u00f5es 3422-3033.<\/p>\n<p><\/p>\n","protected":false},"excerpt":{"rendered":"<p>S&atilde;o quatro novas escolas. Moradores do Barreiro ter&atilde;o transporte para as aulas<\/p>\n","protected":false},"author":4,"featured_media":0,"comment_status":"closed","ping_status":"closed","sticky":false,"template":"","format":"standard","meta":{"footnotes":""},"categories":[24],"tags":[],"class_list":["post-829","post","type-post","status-publish","format-standard","hentry","category-noticias"],"acf":[],"_links":{"self":[{"href":"https:\/\/www.apucarana.pr.gov.br\/site\/wp-json\/wp\/v2\/posts\/829","targetHints":{"allow":["GET"]}}],"collection":[{"href":"https:\/\/www.apucarana.pr.gov.br\/site\/wp-json\/wp\/v2\/posts"}],"about":[{"href":"https:\/\/www.apucarana.pr.gov.br\/site\/wp-json\/wp\/v2\/types\/post"}],"author":[{"embeddable":true,"href":"https:\/\/www.apucarana.pr.gov.br\/site\/wp-json\/wp\/v2\/users\/4"}],"replies":[{"embeddable":true,"href":"https:\/\/www.apucarana.pr.gov.br\/site\/wp-json\/wp\/v2\/comments?post=829"}],"version-history":[{"count":1,"href":"https:\/\/www.apucarana.pr.gov.br\/site\/wp-json\/wp\/v2\/posts\/829\/revisions"}],"predecessor-version":[{"id":106050,"href":"https:\/\/www.apucarana.pr.gov.br\/site\/wp-json\/wp\/v2\/posts\/829\/revisions\/106050"}],"wp:attachment":[{"href":"https:\/\/www.apucarana.pr.gov.br\/site\/wp-json\/wp\/v2\/media?parent=829"}],"wp:term":[{"taxonomy":"category","embeddable":true,"href":"https:\/\/www.apucarana.pr.gov.br\/site\/wp-json\/wp\/v2\/categories?post=829"},{"taxonomy":"post_tag","embeddable":true,"href":"https:\/\/www.apucarana.pr.gov.br\/site\/wp-json\/wp\/v2\/tags?post=829"}],"curies":[{"name":"wp","href":"https:\/\/api.w.org\/{rel}","templated":true}]}}