{"id":828,"date":"2013-06-03T17:44:00","date_gmt":"2013-06-03T17:44:00","guid":{"rendered":"http:\/\/172.16.0.7\/site-antigo\/?p=828"},"modified":"2024-10-08T09:06:20","modified_gmt":"2024-10-08T12:06:20","slug":"prefeito-recebe-visita-de-presidente-do-ces","status":"publish","type":"post","link":"https:\/\/www.apucarana.pr.gov.br\/site\/prefeito-recebe-visita-de-presidente-do-ces\/","title":{"rendered":"Prefeito recebe visita de presidente do CES"},"content":{"rendered":"<p>O prefeito de Apucarana, Beto Preto (PT), recebeu na tarde de ontem (segunda-feira &ndash; 03\/06), em seu gabinete, uma visita de cortesia da presidente do Conselho Estadual de Sa\u00fade (CES), Joelma Aparecida de Souza Carvalho.<\/p>\n<p> &ldquo;J\u00e1 tivemos uma atua\u00e7\u00e3o conjunta dentro do pr\u00f3prio conselho, quando Beto representava os secret\u00e1rios municipais e eu a Central dos Movimentos Populares (CMP). Fiquei muito feliz com a elei\u00e7\u00e3o dele como prefeito, uma vez que j\u00e1 tinha conhecimento do seu trabalho como gestor p\u00fablico&rdquo;, assinalou Joelma, que esteve acompanhada de Am\u00e9lia Magrinelli, tamb\u00e9m membro do SES, e de Sebasti\u00e3o Francisco, membro da CMP\/PR.  <\/p>\n<p>Beto agradeceu \u00e0 visitante pela passagem e destacou a import&acirc;ncia do conselho estadual. &ldquo;A atual composi\u00e7\u00e3o vem desempenhando um grande trabalho de fiscaliza\u00e7\u00e3o e proposi\u00e7\u00e3o de programas e projetos para o bem da sa\u00fade em todo o Paran\u00e1&rdquo;, assinalou o prefeito, que estava acompanhado do secret\u00e1rio de Sa\u00fade, Dr. H\u00e9lio Kissina.<\/p>\n<p><\/p>\n","protected":false},"excerpt":{"rendered":"<p>Encontro de cortesia aconteceu no gabinete municipal<\/p>\n","protected":false},"author":4,"featured_media":0,"comment_status":"closed","ping_status":"closed","sticky":false,"template":"","format":"standard","meta":{"footnotes":""},"categories":[24],"tags":[],"class_list":["post-828","post","type-post","status-publish","format-standard","hentry","category-noticias"],"acf":[],"_links":{"self":[{"href":"https:\/\/www.apucarana.pr.gov.br\/site\/wp-json\/wp\/v2\/posts\/828","targetHints":{"allow":["GET"]}}],"collection":[{"href":"https:\/\/www.apucarana.pr.gov.br\/site\/wp-json\/wp\/v2\/posts"}],"about":[{"href":"https:\/\/www.apucarana.pr.gov.br\/site\/wp-json\/wp\/v2\/types\/post"}],"author":[{"embeddable":true,"href":"https:\/\/www.apucarana.pr.gov.br\/site\/wp-json\/wp\/v2\/users\/4"}],"replies":[{"embeddable":true,"href":"https:\/\/www.apucarana.pr.gov.br\/site\/wp-json\/wp\/v2\/comments?post=828"}],"version-history":[{"count":1,"href":"https:\/\/www.apucarana.pr.gov.br\/site\/wp-json\/wp\/v2\/posts\/828\/revisions"}],"predecessor-version":[{"id":106051,"href":"https:\/\/www.apucarana.pr.gov.br\/site\/wp-json\/wp\/v2\/posts\/828\/revisions\/106051"}],"wp:attachment":[{"href":"https:\/\/www.apucarana.pr.gov.br\/site\/wp-json\/wp\/v2\/media?parent=828"}],"wp:term":[{"taxonomy":"category","embeddable":true,"href":"https:\/\/www.apucarana.pr.gov.br\/site\/wp-json\/wp\/v2\/categories?post=828"},{"taxonomy":"post_tag","embeddable":true,"href":"https:\/\/www.apucarana.pr.gov.br\/site\/wp-json\/wp\/v2\/tags?post=828"}],"curies":[{"name":"wp","href":"https:\/\/api.w.org\/{rel}","templated":true}]}}