{"id":826,"date":"2013-06-03T16:36:00","date_gmt":"2013-06-03T16:36:00","guid":{"rendered":"http:\/\/172.16.0.7\/site-antigo\/?p=826"},"modified":"2024-10-08T09:06:21","modified_gmt":"2024-10-08T12:06:21","slug":"padre-chiquim-afirma-que-integracao-e-o-caminho-para-o-turismo-religioso","status":"publish","type":"post","link":"https:\/\/www.apucarana.pr.gov.br\/site\/padre-chiquim-afirma-que-integracao-e-o-caminho-para-o-turismo-religioso\/","title":{"rendered":"Padre Chiquim afirma que integra\u00e7\u00e3o \u00e9 o caminho para o turismo religioso"},"content":{"rendered":"<p><span>&#8220;Turismo religioso \u00e9 isso: integra\u00e7\u00e3o.&#8221; A defini\u00e7\u00e3o \u00e9 do padre Carlos Alberto Chiquim, feita durante a palestra de abertura do X Congresso Internacional de Turismo Religioso Sustent\u00e1vel, que iniciou nesta segunda-feira e se estende at\u00e9 quarta, no Cine Teatro F\u00eanix, em Apucarana. E essa integra\u00e7\u00e3o passa pelas diversas denomina\u00e7\u00f5es religiosas e por v\u00e1rios setores da sociedade, como prefeituras, universidades, hot\u00e9is, pousadas e ag\u00eancias de turismo. &#8220;Juntos, trabalhando com parcerias, \u00e9 poss\u00edvel elaborar modalidades de atrativos, mesmo que o local n\u00e3o conte com santu\u00e1rios ou festas populares&#8221;, afirmou, durante a palestra que teve como tema &#8220;Fundamentos e Dimens\u00f5es do Turismo Religioso&#8221;.<\/p>\n<p><\/span>  <\/p>\n<p><span>Padre Chiquim \u00e9 presidente da Associa\u00e7\u00e3o Inter-religiosa de Educa\u00e7\u00e3o (Assintec), coordenador da Pastoral Nacional de Turismo Religioso, foi por 18 anos secret\u00e1rio-executivo da Confer\u00eancia Nacional dos Bispos do Brasil (CNBB) e escreveu uma s\u00e9rie de livros de evangeliza\u00e7\u00e3o, vocacionais e de turismo religioso. Entre as obras est\u00e1 o livro &#8220;Turismo &#8211; Uma Pastoral Diferenciada e Integradora&#8221;, lan\u00e7ado para ajudar na implanta\u00e7\u00e3o da Pastoral do Turismo nas dioceses e par\u00f3quias do Brasil. <\/span><\/p>\n<p><span>De acordo com o padre Chiquim, primeiro \u00e9 necess\u00e1rio quebrar barreiras e eliminar alguns preconceitos que ainda existem, entre os quais o de que o turismo religioso &#8220;\u00e9 coisa igrejeira&#8221;. &#8220;&Eacute; uma segmenta\u00e7\u00e3o que tem como motiva\u00e7\u00e3o central a f\u00e9 e est\u00e1 fundamentado na diversidade. &Eacute; um patrim&ocirc;nio comum das religi\u00f5es e da humanidade&#8221;, destaca. O religioso tamb\u00e9m afirma que o turismo religioso n\u00e3o deve ser visto apenas como um fator gerador de renda. &#8220;Existe algo muito mais profundo e nossa miss\u00e3o \u00e9 dar esse norte, criar essa m\u00edstica&#8221;, observa.<\/span><\/p>\n<p><span>Para ilustrar a diversidade e a necessidade de integra\u00e7\u00e3o, padre Chiquim afirma que os maiores destinos tur\u00edsticos do mundo s\u00e3o de variadas religi\u00f5es, como as mecas e mesquitas do mundo mu\u00e7ulmano e isl&acirc;mico, o Templo de Vaisho Devi e o Rio Ganges na &Iacute;ndia, os jardins suspensos da f\u00e9 Baha&#039;i em Israel e as bas\u00edlicas de Guadalupe no M\u00e9xico, de Aparecida do Norte no Brasil e a cidade de Lourdes na Fran\u00e7a, al\u00e9m do Vaticano e de Roma. <\/span><\/p>\n<p><span>H\u00e1 os atrativos tur\u00edsticos religiosos naturais, mas o grande fil\u00e3o &#8211; na vis\u00e3o do padre Chiquim &#8211; est\u00e1 nos espa\u00e7os que podem ser criados. S\u00e3o as chamadas novas modalidades de turismo religioso, que exigem criatividade e ousadia, especialmente dos gestores p\u00fablicos. &#8220;Apucarana, por exemplo, n\u00e3o tem nenhum santo, mas tem coisas que podem ser criadas, como os parques de tem\u00e1tica religiosa. A criatividade \u00e9 o toque de mestre para o desenvolvimento sustent\u00e1vel de uma regi\u00e3o e que depende de um trabalho integrado entre os munic\u00edpios e de parcerias&#8221;, avalia.<\/span><\/p>\n<p><\/p>\n","protected":false},"excerpt":{"rendered":"<p>De acordo com ele, primeiro &eacute; necess&aacute;rio quebrar barreiras e eliminar alguns preconceitos que ainda existem<\/p>\n","protected":false},"author":4,"featured_media":0,"comment_status":"closed","ping_status":"closed","sticky":false,"template":"","format":"standard","meta":{"footnotes":""},"categories":[24],"tags":[],"class_list":["post-826","post","type-post","status-publish","format-standard","hentry","category-noticias"],"acf":[],"_links":{"self":[{"href":"https:\/\/www.apucarana.pr.gov.br\/site\/wp-json\/wp\/v2\/posts\/826","targetHints":{"allow":["GET"]}}],"collection":[{"href":"https:\/\/www.apucarana.pr.gov.br\/site\/wp-json\/wp\/v2\/posts"}],"about":[{"href":"https:\/\/www.apucarana.pr.gov.br\/site\/wp-json\/wp\/v2\/types\/post"}],"author":[{"embeddable":true,"href":"https:\/\/www.apucarana.pr.gov.br\/site\/wp-json\/wp\/v2\/users\/4"}],"replies":[{"embeddable":true,"href":"https:\/\/www.apucarana.pr.gov.br\/site\/wp-json\/wp\/v2\/comments?post=826"}],"version-history":[{"count":1,"href":"https:\/\/www.apucarana.pr.gov.br\/site\/wp-json\/wp\/v2\/posts\/826\/revisions"}],"predecessor-version":[{"id":106052,"href":"https:\/\/www.apucarana.pr.gov.br\/site\/wp-json\/wp\/v2\/posts\/826\/revisions\/106052"}],"wp:attachment":[{"href":"https:\/\/www.apucarana.pr.gov.br\/site\/wp-json\/wp\/v2\/media?parent=826"}],"wp:term":[{"taxonomy":"category","embeddable":true,"href":"https:\/\/www.apucarana.pr.gov.br\/site\/wp-json\/wp\/v2\/categories?post=826"},{"taxonomy":"post_tag","embeddable":true,"href":"https:\/\/www.apucarana.pr.gov.br\/site\/wp-json\/wp\/v2\/tags?post=826"}],"curies":[{"name":"wp","href":"https:\/\/api.w.org\/{rel}","templated":true}]}}