{"id":825,"date":"2013-06-03T15:00:00","date_gmt":"2013-06-03T15:00:00","guid":{"rendered":"http:\/\/172.16.0.7\/site-antigo\/?p=825"},"modified":"2024-10-08T09:06:21","modified_gmt":"2024-10-08T12:06:21","slug":"apucarana-abre-congresso-internacional-de-turismo-religioso","status":"publish","type":"post","link":"https:\/\/www.apucarana.pr.gov.br\/site\/apucarana-abre-congresso-internacional-de-turismo-religioso\/","title":{"rendered":"Apucarana abre congresso internacional de turismo religioso"},"content":{"rendered":"<p>Com a presen\u00e7a de delega\u00e7\u00f5es de 10 pa\u00edses e de 11 estados brasileiros foi aberto oficialmente nesta segunda-feira (03\/6), no Cine Teatro F\u00eanix, o X Congresso<span> Internacional de Turismo Religioso Sustent\u00e1vel. As palestras e debates sobre Integra\u00e7\u00e3o e Conhecimento: A F\u00e9 em busca da Sustentabilidade, tema central do evento, v\u00e3o at\u00e9 quarta-feira e envolvem representantes de diversas denomina\u00e7\u00f5es religiosas, como cat\u00f3licos, evang\u00e9licos, ortodoxos (ucranianos), hindu\u00edstas, mu\u00e7ulmanos, budistas e seguidores de religi\u00f5es afrobrasileiras. Um dos principais aspectos destacados nos pronunciamentos durante a abertura do evento foi o car\u00e1ter ecum\u00eanico e a busca do turismo sustent\u00e1vel a partir de uma vis\u00e3o de integra\u00e7\u00e3o entre as diversas religi\u00f5es.<\/span><\/p>\n<p>Autoridades civis, militares e eclesi\u00e1sticas foram convidadas a compor a mesa principal, na abertura do evento, entre as quais o deputado federal Andr\u00e9 Vargas, prefeito de Apucarana (Beto Preto), prefeita de Calif\u00f3rnia (Ana Mazetto), prefeito de Novo Itacolomi (Roberto Munhoz, o &ldquo;Polaco da P\u00e1&rdquo;), vereadora Aurita Bertoli (representando a C&acirc;mara de Apucarana), Junior da Femac (vice-prefeito e diretor-presidente do Idepplan), Ednei Roberto Rosina Mansano (diretor-presidente da Funda\u00e7\u00e3o Cultural e de Turismo), major &Eacute;merson Saqueta (comandante do Corpo de Bombeiros), padre C\u00e9lio Tarozo (reitor do Santu\u00e1rio de Santa Rita de C\u00e1ssia), Maria Aparecida Mendon\u00e7a (presidente da Uni\u00e3o Regional Esp\u00edrita), Dourival Sim\u00f5es (presidente do Conselho Medi\u00fanico do Brasil), frei Marcelo M\u00e9ndez (Opera Romana Pellegrinaggi &#8211; Vaticano), padre Carlos Alberto Chiquim (presidente da Associa\u00e7\u00e3o Inter-religiosa de Educa\u00e7\u00e3o), Ruben Moyano (coordenador t\u00e9cnico da Pastoral de Turismo), Gamal Oumairi (diretor da Sociedade Beneficente Mu\u00e7ulmana do Paran\u00e1), irm\u00e3 Adelina (representando o Santu\u00e1rio de Madre Paulina &ndash; Nova Trento) e padre Jos\u00e9 Hadada, da Par\u00f3quia Divino Esp\u00edrito Santo (rito ucraniano).<br \/><b><br \/>ACOLHIMENTO<\/p>\n<p><\/b> O prefeito de Apucarana destacou que o turismo religioso vai muito al\u00e9m de uma oportunidade de gera\u00e7\u00e3o de renda, envolvendo especialmente a espiritualidade das pessoas. &ldquo;&Eacute; um momento de cada um se encontrar com sua origem, com a f\u00e9, com o que h\u00e1 de mais puro nas pessoas&rdquo;, disse, salientando que o congresso representa tamb\u00e9m a oportunidade de manter contato com representantes de diversos pa\u00edses e culturas. &ldquo;Apucarana est\u00e1 acolhendo todos, respeitando as diferen\u00e7as, gerando democracia e pluralidade. &Eacute; um momento tamb\u00e9m de viver Apucarana, de a cidade mostrar suas potencialidades, seu clima e os roteiros tur\u00edsticos que est\u00e3o se consolidando&rdquo;, completa.<\/p>\n<p>Para o deputado federal Andr\u00e9 Vargas, o turismo religioso transcende a materialidade, ajuda a resgatar valores fundamentais e leva o conceito de sustentabilidade tamb\u00e9m para o campo espiritual. &ldquo;Vamos talvez voltar um pouco atr\u00e1s, definindo caminhos sustent\u00e1veis para as nossas vidas, mais saud\u00e1veis e que nos fa\u00e7am felizes. Este evento n\u00e3o \u00e9 importante apenas para Apucarana, mas para o Paran\u00e1, o Brasil e o mundo&rdquo;, frisa. <\/p>\n<p>O vice-prefeito de Apucarana e diretor-presidente do Instituto de Pesquisa, Planejamento e Desenvolvimento de Apucarana (Idepplan), J\u00fanior da Femac, lembra que Apucarana disputou com Belo Horizonte para ser a sede da 10\u00aa edi\u00e7\u00e3o do evento. &ldquo;Apucarana foi a escolhida e estamos aqui para discutir oportunidades de desenvolvimento das diversas regi\u00f5es. As pessoas est\u00e3o buscando algo diferente, espiritual e que d\u00ea sentido \u00e0 vida&rdquo;, afirmou, citando que 25 milh\u00f5es de brasileiros buscam anualmente destinos tur\u00edsticos religiosos dentro e fora do Pa\u00eds.<\/p>\n<p><b>TRANSFORMA&Ccedil;&Atilde;O<\/p>\n<p><\/b> Uma das preocupa\u00e7\u00f5es \u00e9 n\u00e3o tratar o turismo religioso meramente como um neg\u00f3cio, mas uma oportunidade de transforma\u00e7\u00e3o das pessoas e da sociedade. &ldquo;N\u00e3o deve ser apenas trazer as pessoas a templos religiosos com o objetivo de visita\u00e7\u00e3o ou para registros atrav\u00e9s de fotos, mas uma forma de tamb\u00e9m tornar as pessoas melhores e de levar mais paz \u00e0 sociedade&rdquo;, ponderou Gamal Oumairi, diretor da Sociedade Beneficente Mu\u00e7ulmana do Paran\u00e1. <\/p>\n<p>Conforme Dorival Sim\u00f5es, presidente do Conselho Medi\u00fanico do Brasil (Cebras), \u00e9 preciso criar uma mentalidade de valoriza\u00e7\u00e3o do ser humano. &ldquo;S\u00e3o constru\u00eddos parques, pra\u00e7as e estradas, mas \u00e9 preciso tamb\u00e9m pensar nas pessoas e como elas v\u00e3o usar tudo isso, buscando envolver em tudo a f\u00e9, religiosidade e o amor ao pr\u00f3ximo&rdquo;, ilustra.<\/p>\n<p>Devido a dificuldades com o idioma, o representante da Opera Romana Pellegrinaggi, do Vaticano, frei Marcelo M\u00e9ndez, foi breve em seu pronunciamento. &ldquo;Estou muito feliz por estar aqui, de participar dos trabalhos para encontrar solu\u00e7\u00f5es dignas para os seres humanos. Esperamos dar frutos que possam servir a todos&rdquo;, disse, em portugu\u00eas. <\/p>\n<p><b>PALESTRAS<\/p>\n<p><\/b> A primeira palestra da manh\u00e3 foi ministrada pelo padre Carlos Alberto Chiquim, presidente da Associa\u00e7\u00e3o Inter-religiosa de Educa\u00e7\u00e3o (Asssintec) e teve como tema &ldquo;Fundamentos e Dimens\u00f5es do Turismo Religioso&rdquo;. Na sequ\u00eancia, Sylvio Fausto Gil, vice-presidente da Assintec, falou sobre Lugares Sagrados de Peregrina\u00e7\u00e3o e Turismo. O mesmo assunto foi tema de palestra de Dorival Sim\u00f5es, presidente do Cebras, e do pastor apucaranense Jos\u00e9 Marcos Antunes, que falou representando as igrejas evang\u00e9licas.<\/p>\n<p>&Agrave; tarde, est\u00e3o previstas palestras com Marconi Flach, presidente do Instituto Iguassu Misiones (Rio Grande do Sul), Gustavo Loza, coordenador de turismo religioso em C\u00f3rdoba (Argentina), Ana Bel\u00e9n Espinoza, da senatur do Paraguai, Luiz Ernesto Brambatti (Curitiba), Santiago Cano, presidente da Empreendimentos Tur\u00edsticos do Mercosur (Argentina) e Leonardo Boto, do Instituto de Promo\u00e7\u00e3o Tur\u00edstica Internacional da Argentina. Confira a programa\u00e7\u00e3o completa no hotsite do evento (www.congresso.apucarana.pr.gov.br)<\/p>\n<p>O 10\u00ba Congresso Internacional de Turismo Religioso Sustent\u00e1vel \u00e9 uma realiza\u00e7\u00e3o da Pastoral do Turismo do Brasil e da Funda\u00e7\u00e3o Cultural e Turismo da Prefeitura de Apucarana, com apoio da Associa\u00e7\u00e3o Inter-Religiosa de Educa\u00e7\u00e3o (ASSINTEC), Sistema Fecom\u00e9rcio\/PR e Governo do Paran\u00e1.<\/p>\n<p><\/p>\n","protected":false},"excerpt":{"rendered":"<p>Autoridades civis, militares e eclesi&aacute;sticas foram convidadas a compor a mesa principal<\/p>\n","protected":false},"author":4,"featured_media":0,"comment_status":"closed","ping_status":"closed","sticky":false,"template":"","format":"standard","meta":{"footnotes":""},"categories":[24],"tags":[],"class_list":["post-825","post","type-post","status-publish","format-standard","hentry","category-noticias"],"acf":[],"_links":{"self":[{"href":"https:\/\/www.apucarana.pr.gov.br\/site\/wp-json\/wp\/v2\/posts\/825","targetHints":{"allow":["GET"]}}],"collection":[{"href":"https:\/\/www.apucarana.pr.gov.br\/site\/wp-json\/wp\/v2\/posts"}],"about":[{"href":"https:\/\/www.apucarana.pr.gov.br\/site\/wp-json\/wp\/v2\/types\/post"}],"author":[{"embeddable":true,"href":"https:\/\/www.apucarana.pr.gov.br\/site\/wp-json\/wp\/v2\/users\/4"}],"replies":[{"embeddable":true,"href":"https:\/\/www.apucarana.pr.gov.br\/site\/wp-json\/wp\/v2\/comments?post=825"}],"version-history":[{"count":1,"href":"https:\/\/www.apucarana.pr.gov.br\/site\/wp-json\/wp\/v2\/posts\/825\/revisions"}],"predecessor-version":[{"id":106055,"href":"https:\/\/www.apucarana.pr.gov.br\/site\/wp-json\/wp\/v2\/posts\/825\/revisions\/106055"}],"wp:attachment":[{"href":"https:\/\/www.apucarana.pr.gov.br\/site\/wp-json\/wp\/v2\/media?parent=825"}],"wp:term":[{"taxonomy":"category","embeddable":true,"href":"https:\/\/www.apucarana.pr.gov.br\/site\/wp-json\/wp\/v2\/categories?post=825"},{"taxonomy":"post_tag","embeddable":true,"href":"https:\/\/www.apucarana.pr.gov.br\/site\/wp-json\/wp\/v2\/tags?post=825"}],"curies":[{"name":"wp","href":"https:\/\/api.w.org\/{rel}","templated":true}]}}