{"id":824,"date":"2013-06-03T15:47:00","date_gmt":"2013-06-03T15:47:00","guid":{"rendered":"http:\/\/172.16.0.7\/site-antigo\/?p=824"},"modified":"2024-10-08T09:06:21","modified_gmt":"2024-10-08T12:06:21","slug":"rede-massa-tv-tibagi-e-rpc-tv-de-londrina-repercutem-congresso-internacional-em-apucarana","status":"publish","type":"post","link":"https:\/\/www.apucarana.pr.gov.br\/site\/rede-massa-tv-tibagi-e-rpc-tv-de-londrina-repercutem-congresso-internacional-em-apucarana\/","title":{"rendered":"Rede Massa\/ TV Tibagi e RPC TV de Londrina repercutem congresso internacional em Apucarana"},"content":{"rendered":"<p>Apucarana sedia a partir de hoje at\u00e9 quarta-feira (05 de junho) no Cine Teatro F\u00eanix, o 10\u00ba Congresso Internacional de Turismo Religioso Sustent\u00e1vel. Considerado pelos especialistas como um evento ecum\u00eanico de grande import&acirc;ncia social e econ&ocirc;mica para o Brasil, o congresso conta com palestrantes e presen\u00e7a de l\u00edderes religiosos das mais diversas denomina\u00e7\u00f5es. <\/p>\n<p>Est\u00e3o presentes delega\u00e7\u00f5es de 10 pa\u00edses: Argentina, Bol\u00edvia, M\u00e9xico, Paraguai, Uruguai, Espanha, Vaticano, &Iacute;ndia, It\u00e1lia e de diversos estados brasileiros como Paran\u00e1, Santa Catarina, Rio de Janeiro, Rio Grande do Sul, S\u00e3o Paulo, Bahia e Cear\u00e1. S\u00e3o evang\u00e9licos, cat\u00f3licos, mu\u00e7ulmanos, budistas, ortodoxos (ucranianos), hindu\u00edstas e seguidores de religi\u00f5es afrobrasileiras. <\/p>\n<p>Com o tema geral &ldquo;Integra\u00e7\u00e3o e Conhecimento: A F\u00e9 em busca da Sustentabilidade&rdquo;, o evento tem cobertura da imprensa local e regional. <\/p>\n<p>No hot site <a href=\"http:\/\/www.congresso.apucarana.pr.gov.br\">http:\/\/www.congresso.apucarana.pr.gov.br<\/a>, \u00e9 poss\u00edvel ter acesso a todos os detalhes do evento. <\/p>\n<p>Veja reportagem da Rede Massa <a href=\"http:\/\/youtu.be\/OgvwLLXLmEk\">aqui<\/a>.<\/p>\n<p>Outras mat\u00e9rias da Rede Massa:  <\/p>\n<div>Lan\u00e7amento mundial Juventude no Congresso religioso<a href=\"https:\/\/webmail.apucarana.pr.gov.br\/owa\/redir.aspx?C=efd0dbc96ccc47c4b2b6aef410370b20&amp;amp;URL=https%3a%2f%2fwww.youtube.com%2fwatch%3fv%3dFXJWEQVBgDk\"><\/p>\n<p>https:\/\/www.youtube.com\/watch?v=FXJWEQVBgDk<\/a><\/p>\n<p>Final Congresso Turismo Religioso<a href=\"https:\/\/webmail.apucarana.pr.gov.br\/owa\/redir.aspx?C=efd0dbc96ccc47c4b2b6aef410370b20&amp;amp;URL=https%3a%2f%2fwww.youtube.com%2fwatch%3fv%3dBfdwy_ydm_M\"><br \/>https:\/\/www.youtube.com\/watch?v=Bfdwy_ydm_M<\/a><\/p>\n<p>Assista mat\u00e9ria da RPC TV Londrina <a href=\"http:\/\/globotv.globo.com\/rpc\/parana-tv-1a-edicao-londrina\/v\/apucarana-esta-na-rota-do-turismo-religioso-sustentavel\/2611898\/\">aqui<\/a>.<\/div><\/p>\n","protected":false},"excerpt":{"rendered":"<p>Reportagens realizam cobertura de toda programa&ccedil;&atilde;o do evento de turismo religioso sustent&aacute;vel<\/p>\n","protected":false},"author":4,"featured_media":0,"comment_status":"closed","ping_status":"closed","sticky":false,"template":"","format":"standard","meta":{"footnotes":""},"categories":[24],"tags":[],"class_list":["post-824","post","type-post","status-publish","format-standard","hentry","category-noticias"],"acf":[],"_links":{"self":[{"href":"https:\/\/www.apucarana.pr.gov.br\/site\/wp-json\/wp\/v2\/posts\/824","targetHints":{"allow":["GET"]}}],"collection":[{"href":"https:\/\/www.apucarana.pr.gov.br\/site\/wp-json\/wp\/v2\/posts"}],"about":[{"href":"https:\/\/www.apucarana.pr.gov.br\/site\/wp-json\/wp\/v2\/types\/post"}],"author":[{"embeddable":true,"href":"https:\/\/www.apucarana.pr.gov.br\/site\/wp-json\/wp\/v2\/users\/4"}],"replies":[{"embeddable":true,"href":"https:\/\/www.apucarana.pr.gov.br\/site\/wp-json\/wp\/v2\/comments?post=824"}],"version-history":[{"count":1,"href":"https:\/\/www.apucarana.pr.gov.br\/site\/wp-json\/wp\/v2\/posts\/824\/revisions"}],"predecessor-version":[{"id":106053,"href":"https:\/\/www.apucarana.pr.gov.br\/site\/wp-json\/wp\/v2\/posts\/824\/revisions\/106053"}],"wp:attachment":[{"href":"https:\/\/www.apucarana.pr.gov.br\/site\/wp-json\/wp\/v2\/media?parent=824"}],"wp:term":[{"taxonomy":"category","embeddable":true,"href":"https:\/\/www.apucarana.pr.gov.br\/site\/wp-json\/wp\/v2\/categories?post=824"},{"taxonomy":"post_tag","embeddable":true,"href":"https:\/\/www.apucarana.pr.gov.br\/site\/wp-json\/wp\/v2\/tags?post=824"}],"curies":[{"name":"wp","href":"https:\/\/api.w.org\/{rel}","templated":true}]}}