{"id":823,"date":"2013-06-03T15:09:59","date_gmt":"2013-06-03T15:09:59","guid":{"rendered":"http:\/\/172.16.0.7\/site-antigo\/?p=823"},"modified":"2024-10-08T09:06:21","modified_gmt":"2024-10-08T12:06:21","slug":"apucarana-oferece-uma-importante-divulgacao-para-o-turismo-religioso-diz-dom-anuar-batisti","status":"publish","type":"post","link":"https:\/\/www.apucarana.pr.gov.br\/site\/apucarana-oferece-uma-importante-divulgacao-para-o-turismo-religioso-diz-dom-anuar-batisti\/","title":{"rendered":"&#8220;Apucarana oferece uma importante divulga\u00e7\u00e3o para o turismo religioso&#8221;, diz Dom Anuar Batisti"},"content":{"rendered":"<p>Ao participar do X Congresso Internacional de Turismo Religioso Sustent\u00e1vel, que est\u00e1 sendo realizado em Apucarana, o arcebispo de Maring\u00e1 e bispo refer\u00eancia da Pastoral do Turismo no Brasil, Dom Anuar Batisti, avaliou o evento como uma &ldquo;alavancada na pastoral do turismo no Brasil&rdquo;. &ldquo;O turismo religioso no nosso pa\u00eds ainda \u00e9 pouco difundido, n\u00e3o est\u00e1 organizado. Temos muitas experi\u00eancias isoladas. Esse evento em Apucarana visa divulgar as pr\u00e1ticas de turismo religioso j\u00e1 existentes e abrir caminho para as novas, tanto no Paran\u00e1 como no Brasil&rdquo;, afirma.  <\/p>\n<p>Como membro da pastoral de turismo no Brasil, Dom Anuar diz que est\u00e1 sendo organizada uma comiss\u00e3o nacional para ser articuladora da divulga\u00e7\u00e3o dos lugares santos no pa\u00eds. Como exemplo, ele cita os turistas que vir\u00e3o para o Brasil na Copa das Confedera\u00e7\u00f5es e do Mundo de Futebol. &ldquo;Estamos preparando um grande trabalho de divulga\u00e7\u00e3o, para que os visitantes tomem conhecimento dos pontos tur\u00edsticos religiosos. Vamos chegar at\u00e9 eles atrav\u00e9s dos hot\u00e9is, aeroportos e muitos outros pontos que certamente ir\u00e3o passar&rdquo;, informa.<\/p>\n<p>Dom Anuar lembra que no Paran\u00e1 existem muitos locais de peregrina\u00e7\u00e3o como santu\u00e1rios, templos, mesquitas e sinagogas. &ldquo;Precisamos divulgar esses lugares. Os turistas podem conciliar o turismo econ&ocirc;mico (compras) com o turismo religioso numa mesma cidade. Muitos n\u00e3o v\u00e3o aos lugares santos por falta de conhecimento. &ldquo;Esse congresso em Apucarana tem a grande finalidade de divulgar, de oferecer a dimens\u00e3o religiosa do turismo. A finalidade desse congresso \u00e9 a divulga\u00e7\u00e3o e a troca de experi\u00eancia entre os congressistas. A variedade religiosa que est\u00e1 aqui \u00e9 muito grande&rdquo;, conclui Dom Anuar.<\/p>\n<p><\/p>\n","protected":false},"excerpt":{"rendered":"<p>Como membro da pastoral de turismo no Brasil, Dom Anuar diz que est&aacute; sendo organizada uma comiss&atilde;o nacional para ser articuladora da divulga&ccedil;&atilde;o dos lugares santos no pa&iacute;s<\/p>\n","protected":false},"author":4,"featured_media":0,"comment_status":"closed","ping_status":"closed","sticky":false,"template":"","format":"standard","meta":{"footnotes":""},"categories":[24],"tags":[],"class_list":["post-823","post","type-post","status-publish","format-standard","hentry","category-noticias"],"acf":[],"_links":{"self":[{"href":"https:\/\/www.apucarana.pr.gov.br\/site\/wp-json\/wp\/v2\/posts\/823","targetHints":{"allow":["GET"]}}],"collection":[{"href":"https:\/\/www.apucarana.pr.gov.br\/site\/wp-json\/wp\/v2\/posts"}],"about":[{"href":"https:\/\/www.apucarana.pr.gov.br\/site\/wp-json\/wp\/v2\/types\/post"}],"author":[{"embeddable":true,"href":"https:\/\/www.apucarana.pr.gov.br\/site\/wp-json\/wp\/v2\/users\/4"}],"replies":[{"embeddable":true,"href":"https:\/\/www.apucarana.pr.gov.br\/site\/wp-json\/wp\/v2\/comments?post=823"}],"version-history":[{"count":1,"href":"https:\/\/www.apucarana.pr.gov.br\/site\/wp-json\/wp\/v2\/posts\/823\/revisions"}],"predecessor-version":[{"id":106054,"href":"https:\/\/www.apucarana.pr.gov.br\/site\/wp-json\/wp\/v2\/posts\/823\/revisions\/106054"}],"wp:attachment":[{"href":"https:\/\/www.apucarana.pr.gov.br\/site\/wp-json\/wp\/v2\/media?parent=823"}],"wp:term":[{"taxonomy":"category","embeddable":true,"href":"https:\/\/www.apucarana.pr.gov.br\/site\/wp-json\/wp\/v2\/categories?post=823"},{"taxonomy":"post_tag","embeddable":true,"href":"https:\/\/www.apucarana.pr.gov.br\/site\/wp-json\/wp\/v2\/tags?post=823"}],"curies":[{"name":"wp","href":"https:\/\/api.w.org\/{rel}","templated":true}]}}