{"id":822,"date":"2013-06-02T19:36:00","date_gmt":"2013-06-02T19:36:00","guid":{"rendered":"http:\/\/172.16.0.7\/site-antigo\/?p=822"},"modified":"2024-10-08T09:06:21","modified_gmt":"2024-10-08T12:06:21","slug":"religioes-afro-brasileiras-se-apresentam-na-praca-rui-barbosa","status":"publish","type":"post","link":"https:\/\/www.apucarana.pr.gov.br\/site\/religioes-afro-brasileiras-se-apresentam-na-praca-rui-barbosa\/","title":{"rendered":"Religi\u00f5es afro-brasileiras se  apresentam na Pra\u00e7a Rui Barbosa"},"content":{"rendered":"<p>Depois do show da banda Est&acirc;ncia Divina -, que animou no s\u00e1bado o p\u00fablico na abertura do espa\u00e7o cultural -, aconteceu na tarde deste domingo (2) uma apresenta\u00e7\u00e3o das religi\u00f5es afro-brasileiras. O evento \u00e9 paralelo ao 10\u00ba Congresso Internacional de Turismo Religioso Sustent\u00e1vel.<\/p>\n<p>O grupo liderado pelo professor Dorival Sim\u00f5es, presidente do Cebras (Conselho Medi\u00fanico do Brasil), mostrou a cultura e folclore do Candombl\u00e9. &ldquo;Os africanos oram com Deus e os Orix\u00e1s atrav\u00e9s da dan\u00e7a&rdquo;, explicou o professor Sim\u00f5es que, durante o congresso, ir\u00e1 ministrar palestra com o tema &ldquo;Lugares Sagrados, Peregrina\u00e7\u00f5es e Turismo&rdquo;.<\/p>\n<p>As apresenta\u00e7\u00f5es das religi\u00f5es afro-brasileiras inclu\u00edram bal\u00e9, dan\u00e7as e musicais, com a participa\u00e7\u00e3o dos grupos Il\u00ea Ax\u00e9 de Oxoss\u00ea (Curitiba), Il\u00ea As\u00e9 (Curitiba), Il\u00ea Tiriri Lonan (Curitiba), Chico do Morro (Colombo), Associa\u00e7\u00e3o Cultural e Natural de Maria Mulambo (Cascavel) e Associa\u00e7\u00e3o Esp\u00edrita Reino do Balua\u00ea (Terra Roxa).<\/p>\n<p>O congresso internacional, que Apucarana sedia de segunda (3) a quarta-feira (5), no Cine Teatro F\u00eanix, est\u00e1 sendo organizado pela Prefeitura de Apucarana, por meio da Funda\u00e7\u00e3o Cultural de Apucarana (Funcap) e Instituto de Desenvolvimento, Pesquisa e Planejamento de Apucarana (Idepplan).<\/p>\n","protected":false},"excerpt":{"rendered":"<p>O grupo liderado pelo professor Dorival Sim&otilde;es, presidente do Cebras (Conselho Medi&uacute;nico do Brasil), mostrou a cultura e folclore do Candombl&eacute;. <\/p>\n","protected":false},"author":4,"featured_media":0,"comment_status":"closed","ping_status":"closed","sticky":false,"template":"","format":"standard","meta":{"footnotes":""},"categories":[24],"tags":[],"class_list":["post-822","post","type-post","status-publish","format-standard","hentry","category-noticias"],"acf":[],"_links":{"self":[{"href":"https:\/\/www.apucarana.pr.gov.br\/site\/wp-json\/wp\/v2\/posts\/822","targetHints":{"allow":["GET"]}}],"collection":[{"href":"https:\/\/www.apucarana.pr.gov.br\/site\/wp-json\/wp\/v2\/posts"}],"about":[{"href":"https:\/\/www.apucarana.pr.gov.br\/site\/wp-json\/wp\/v2\/types\/post"}],"author":[{"embeddable":true,"href":"https:\/\/www.apucarana.pr.gov.br\/site\/wp-json\/wp\/v2\/users\/4"}],"replies":[{"embeddable":true,"href":"https:\/\/www.apucarana.pr.gov.br\/site\/wp-json\/wp\/v2\/comments?post=822"}],"version-history":[{"count":1,"href":"https:\/\/www.apucarana.pr.gov.br\/site\/wp-json\/wp\/v2\/posts\/822\/revisions"}],"predecessor-version":[{"id":106056,"href":"https:\/\/www.apucarana.pr.gov.br\/site\/wp-json\/wp\/v2\/posts\/822\/revisions\/106056"}],"wp:attachment":[{"href":"https:\/\/www.apucarana.pr.gov.br\/site\/wp-json\/wp\/v2\/media?parent=822"}],"wp:term":[{"taxonomy":"category","embeddable":true,"href":"https:\/\/www.apucarana.pr.gov.br\/site\/wp-json\/wp\/v2\/categories?post=822"},{"taxonomy":"post_tag","embeddable":true,"href":"https:\/\/www.apucarana.pr.gov.br\/site\/wp-json\/wp\/v2\/tags?post=822"}],"curies":[{"name":"wp","href":"https:\/\/api.w.org\/{rel}","templated":true}]}}