{"id":821,"date":"2013-06-02T19:32:59","date_gmt":"2013-06-02T19:32:59","guid":{"rendered":"http:\/\/172.16.0.7\/site-antigo\/?p=821"},"modified":"2024-10-08T09:06:21","modified_gmt":"2024-10-08T12:06:21","slug":"10-congresso-de-turismo-religioso-sustentvel","status":"publish","type":"post","link":"https:\/\/www.apucarana.pr.gov.br\/site\/10-congresso-de-turismo-religioso-sustentvel\/","title":{"rendered":"10\u00ba CONGRESSO DE TURISMO RELIGIOSO SUSTENT&#193;VEL"},"content":{"rendered":"<p><p>Ap\u00f3s a solenidade de abertura do congresso, programada para as <b>9 horas,<\/b> desta <b>segunda-feira (3\/6)<\/b>, no Cine Teatro F\u00eanix, em Apucarana, as autoridades e palestrantes estar\u00e3o \u00e0 disposi\u00e7\u00e3o da imprensa.<\/p>\n<p>A coletiva ser\u00e1 realizada na sala de imprensa do 10\u00ba Congresso de Turismo Religioso, no 2\u00ba andar, do Cine F\u00eanix.<\/p>\n<p>Est\u00e3o confirmadas as presen\u00e7as dos bispos Dom Celso Marchiori, Dom Anuar Batisti; deputado federal Andr\u00e9 Vargas; prefeito Beto Preto; e representantes de v\u00e1rios pa\u00edses e religi\u00f5es.<\/p>\n<p><\/p>\n","protected":false},"excerpt":{"rendered":"<p>CONVITE &#8211; COLETIVA DE IMPRENSA<\/p>\n","protected":false},"author":4,"featured_media":0,"comment_status":"closed","ping_status":"closed","sticky":false,"template":"","format":"standard","meta":{"footnotes":""},"categories":[24],"tags":[],"class_list":["post-821","post","type-post","status-publish","format-standard","hentry","category-noticias"],"acf":[],"_links":{"self":[{"href":"https:\/\/www.apucarana.pr.gov.br\/site\/wp-json\/wp\/v2\/posts\/821","targetHints":{"allow":["GET"]}}],"collection":[{"href":"https:\/\/www.apucarana.pr.gov.br\/site\/wp-json\/wp\/v2\/posts"}],"about":[{"href":"https:\/\/www.apucarana.pr.gov.br\/site\/wp-json\/wp\/v2\/types\/post"}],"author":[{"embeddable":true,"href":"https:\/\/www.apucarana.pr.gov.br\/site\/wp-json\/wp\/v2\/users\/4"}],"replies":[{"embeddable":true,"href":"https:\/\/www.apucarana.pr.gov.br\/site\/wp-json\/wp\/v2\/comments?post=821"}],"version-history":[{"count":1,"href":"https:\/\/www.apucarana.pr.gov.br\/site\/wp-json\/wp\/v2\/posts\/821\/revisions"}],"predecessor-version":[{"id":106057,"href":"https:\/\/www.apucarana.pr.gov.br\/site\/wp-json\/wp\/v2\/posts\/821\/revisions\/106057"}],"wp:attachment":[{"href":"https:\/\/www.apucarana.pr.gov.br\/site\/wp-json\/wp\/v2\/media?parent=821"}],"wp:term":[{"taxonomy":"category","embeddable":true,"href":"https:\/\/www.apucarana.pr.gov.br\/site\/wp-json\/wp\/v2\/categories?post=821"},{"taxonomy":"post_tag","embeddable":true,"href":"https:\/\/www.apucarana.pr.gov.br\/site\/wp-json\/wp\/v2\/tags?post=821"}],"curies":[{"name":"wp","href":"https:\/\/api.w.org\/{rel}","templated":true}]}}