{"id":820,"date":"2013-06-02T18:49:00","date_gmt":"2013-06-02T18:49:00","guid":{"rendered":"http:\/\/172.16.0.7\/site-antigo\/?p=820"},"modified":"2024-10-08T09:06:21","modified_gmt":"2024-10-08T12:06:21","slug":"apucarana-ja-vive-o-clima-do-congresso-internacional","status":"publish","type":"post","link":"https:\/\/www.apucarana.pr.gov.br\/site\/apucarana-ja-vive-o-clima-do-congresso-internacional\/","title":{"rendered":"Apucarana j\u00e1 vive o clima do congresso internacional"},"content":{"rendered":"<p>Apucarana j\u00e1 recepciona desde s\u00e1bado (1) delega\u00e7\u00f5es da Argentina, Paraguai, Uruguai e Bol\u00edvia. E, nas pr\u00f3ximas horas, s\u00e3o esperados tamb\u00e9m os congressistas italianos, espanh\u00f3is, mexicanos e ainda do Vaticano.<\/p>\n<p>A rede hoteleira de Apucarana est\u00e1 com sua capacidade esgotada e alguns visitantes devem se alojar em cidades vizinhas. A organiza\u00e7\u00e3o do 10\u00ba Congresso Internacional de Turismo Religioso Sustent\u00e1vel est\u00e1 acomodando alguns congressistas nos apartamentos do Cedras, cedidos pela Diocese de Apucarana.<\/p>\n<p>Desde a noite de s\u00e1bado o espa\u00e7o cultural, armado na Pra\u00e7a Rui Barbosa, em frente \u00e0 Catedral Nossa Senhora de Lourdes, j\u00e1 re\u00fane visitantes e a comunidade apucaranense. No local acontecem apresenta\u00e7\u00f5es art\u00edsticas e musicais. O espa\u00e7o tamb\u00e9m abriga estandes de artesanato, produtos religiosos e de apresenta\u00e7\u00e3o de roteiros art\u00edsticos, al\u00e9m de pra\u00e7a de alimenta\u00e7\u00e3o e \u00e1rea de lazer com brinquedos para crian\u00e7as.<\/p>\n<p>O prefeito Beto Preto fez ontem uma sauda\u00e7\u00e3o aos visitantes. &ldquo;Apucarana \u00e9 uma cidade acolhedora e recebe todos de bra\u00e7os abertos neste importante evento ecum\u00eanico e de discuss\u00e3o para aprimoramento do turismo religioso no mundo. Saudamos a todos e, com as b\u00ean\u00e7\u00e3os de Deus, esperamos que o congresso seja um momento de confraterniza\u00e7\u00e3o e de avan\u00e7o no turismo religioso&rdquo;, declarou o prefeito Beto Preto.<\/p>\n<p>A abertura oficial do congresso acontece nesta segunda-feira, dia 3, a partir das 9 horas, no Cine Teatro F\u00eanix. Est\u00e3o confirmadas as presen\u00e7as dos bispos Dom Anuar Batisti, da Arquidiocese de Maring\u00e1 (respons\u00e1vel pela Pastoral do Turismo na CNBB), Dom Celso Ant&ocirc;nio Marchiori, da Diocese de Apucarana; o deputado federal Andr\u00e9 Vargas, vice-presidente da C&acirc;mara Federal; e o prefeito Beto Preto, al\u00e9m de representantes de delega\u00e7\u00f5es de v\u00e1rios pa\u00edses e de diversas religi\u00f5es. <\/p>\n","protected":false},"excerpt":{"rendered":"<p>Apucarana j&aacute; recepciona desde s&aacute;bado (1) delega&ccedil;&otilde;es da Argentina, Paraguai, Uruguai e Bol&iacute;via.<\/p>\n","protected":false},"author":4,"featured_media":0,"comment_status":"closed","ping_status":"closed","sticky":false,"template":"","format":"standard","meta":{"footnotes":""},"categories":[24],"tags":[],"class_list":["post-820","post","type-post","status-publish","format-standard","hentry","category-noticias"],"acf":[],"_links":{"self":[{"href":"https:\/\/www.apucarana.pr.gov.br\/site\/wp-json\/wp\/v2\/posts\/820","targetHints":{"allow":["GET"]}}],"collection":[{"href":"https:\/\/www.apucarana.pr.gov.br\/site\/wp-json\/wp\/v2\/posts"}],"about":[{"href":"https:\/\/www.apucarana.pr.gov.br\/site\/wp-json\/wp\/v2\/types\/post"}],"author":[{"embeddable":true,"href":"https:\/\/www.apucarana.pr.gov.br\/site\/wp-json\/wp\/v2\/users\/4"}],"replies":[{"embeddable":true,"href":"https:\/\/www.apucarana.pr.gov.br\/site\/wp-json\/wp\/v2\/comments?post=820"}],"version-history":[{"count":1,"href":"https:\/\/www.apucarana.pr.gov.br\/site\/wp-json\/wp\/v2\/posts\/820\/revisions"}],"predecessor-version":[{"id":106058,"href":"https:\/\/www.apucarana.pr.gov.br\/site\/wp-json\/wp\/v2\/posts\/820\/revisions\/106058"}],"wp:attachment":[{"href":"https:\/\/www.apucarana.pr.gov.br\/site\/wp-json\/wp\/v2\/media?parent=820"}],"wp:term":[{"taxonomy":"category","embeddable":true,"href":"https:\/\/www.apucarana.pr.gov.br\/site\/wp-json\/wp\/v2\/categories?post=820"},{"taxonomy":"post_tag","embeddable":true,"href":"https:\/\/www.apucarana.pr.gov.br\/site\/wp-json\/wp\/v2\/tags?post=820"}],"curies":[{"name":"wp","href":"https:\/\/api.w.org\/{rel}","templated":true}]}}