{"id":819,"date":"2013-05-31T21:06:00","date_gmt":"2013-05-31T21:06:00","guid":{"rendered":"http:\/\/172.16.0.7\/site-antigo\/?p=819"},"modified":"2024-10-08T09:06:21","modified_gmt":"2024-10-08T12:06:21","slug":"espaco-cultural-abre-neste-sabado-em-frente-a-catedral","status":"publish","type":"post","link":"https:\/\/www.apucarana.pr.gov.br\/site\/espaco-cultural-abre-neste-sabado-em-frente-a-catedral\/","title":{"rendered":"Espa\u00e7o cultural abre neste s\u00e1bado, em frente \u00e0 Catedral"},"content":{"rendered":"<p>Paralelo ao 10\u00ba Congresso Internacional de Turismo Religioso Sustent\u00e1vel funcionar\u00e1 um &ldquo;espa\u00e7o cultural&rdquo;, na Pra\u00e7a Rui Barbosa, em frente da Catedral Nossa Senhora de Lourdes. O evento ser\u00e1 aberto neste s\u00e1bado, dia 1\u00ba de Junho, \u00e0s 20 horas, com show da banda Est&acirc;ncia Divina.<\/p>\n<p>No local est\u00e3o instalados trinta e seis estandes de expositores de artesanato, artigos religiosos e de divulga\u00e7\u00e3o de roteiros tur\u00edsticos no Brasil, Am\u00e9rica Latina e de outros continentes.<\/p>\n<p>Outro atrativo ser\u00e3o os espet\u00e1culos art\u00edsticos, com apresenta\u00e7\u00e3o de grupos musicais, corais e bandas ligadas a v\u00e1rias religi\u00f5es. Tamb\u00e9m haver\u00e1 um palco alternativo para participa\u00e7\u00e3o volunt\u00e1ria de artistas locais e regionais.<\/p>\n<p>O espa\u00e7o ir\u00e1 abrigar ainda pra\u00e7a de alimenta\u00e7\u00e3o e uma \u00e1rea de divers\u00e3o para crian\u00e7as. As atividades no espa\u00e7o cultural prosseguem at\u00e9 o dia 6 de junho, na Pra\u00e7a Rui Barbosa.<\/p>\n","protected":false},"excerpt":{"rendered":"<p>No local est&atilde;o instalados trinta e seis estandes de expositores de artesanato, artigos religiosos e de divulga&ccedil;&atilde;o de roteiros tur&iacute;sticos no Brasil, Am&eacute;rica Latina e de outros continentes.<\/p>\n","protected":false},"author":4,"featured_media":0,"comment_status":"closed","ping_status":"closed","sticky":false,"template":"","format":"standard","meta":{"footnotes":""},"categories":[24],"tags":[],"class_list":["post-819","post","type-post","status-publish","format-standard","hentry","category-noticias"],"acf":[],"_links":{"self":[{"href":"https:\/\/www.apucarana.pr.gov.br\/site\/wp-json\/wp\/v2\/posts\/819","targetHints":{"allow":["GET"]}}],"collection":[{"href":"https:\/\/www.apucarana.pr.gov.br\/site\/wp-json\/wp\/v2\/posts"}],"about":[{"href":"https:\/\/www.apucarana.pr.gov.br\/site\/wp-json\/wp\/v2\/types\/post"}],"author":[{"embeddable":true,"href":"https:\/\/www.apucarana.pr.gov.br\/site\/wp-json\/wp\/v2\/users\/4"}],"replies":[{"embeddable":true,"href":"https:\/\/www.apucarana.pr.gov.br\/site\/wp-json\/wp\/v2\/comments?post=819"}],"version-history":[{"count":1,"href":"https:\/\/www.apucarana.pr.gov.br\/site\/wp-json\/wp\/v2\/posts\/819\/revisions"}],"predecessor-version":[{"id":106059,"href":"https:\/\/www.apucarana.pr.gov.br\/site\/wp-json\/wp\/v2\/posts\/819\/revisions\/106059"}],"wp:attachment":[{"href":"https:\/\/www.apucarana.pr.gov.br\/site\/wp-json\/wp\/v2\/media?parent=819"}],"wp:term":[{"taxonomy":"category","embeddable":true,"href":"https:\/\/www.apucarana.pr.gov.br\/site\/wp-json\/wp\/v2\/categories?post=819"},{"taxonomy":"post_tag","embeddable":true,"href":"https:\/\/www.apucarana.pr.gov.br\/site\/wp-json\/wp\/v2\/tags?post=819"}],"curies":[{"name":"wp","href":"https:\/\/api.w.org\/{rel}","templated":true}]}}