{"id":816,"date":"2013-05-29T17:17:59","date_gmt":"2013-05-29T17:17:59","guid":{"rendered":"http:\/\/172.16.0.7\/site-antigo\/?p=816"},"modified":"2024-10-08T09:06:21","modified_gmt":"2024-10-08T12:06:21","slug":"congresso-define-macrorregional-dos-jeps-em-apucarana","status":"publish","type":"post","link":"https:\/\/www.apucarana.pr.gov.br\/site\/congresso-define-macrorregional-dos-jeps-em-apucarana\/","title":{"rendered":"Congresso define macrorregional dos JEPs em Apucarana"},"content":{"rendered":"<p>De 05 a 09 de junho, o munic\u00edpio de Apucarana ser\u00e1 sede da etapa macrorregional dos 60\u00ba Jogos Escolares do Paran\u00e1 (JEPs). Uma promo\u00e7\u00e3o das secretarias de Estado da Educa\u00e7\u00e3o e do Esporte, em parceria com o N\u00facleo Regional de Educa\u00e7\u00e3o e Prefeitura de Apucarana, para as disputas v\u00e3o convergir para a cidade delega\u00e7\u00f5es vencedoras das regionais de Apucarana, Ivaipor\u00e3, Londrina e Tel\u00eamaco Borba. Ser\u00e3o mais de 50 estabelecimentos e aproximadamente 1.200 atletas na disputa das modalidades atletismo, basquete, futsal, handebol, t\u00eanis de mesa, voleibol e xadrez.  <\/p>\n<p>Considerado o maior evento esportivo estudantil da Am\u00e9rica Latina, a abertura das disputas j\u00e1 est\u00e1 agendada para acontecer \u00e0s 19h30 do dia 5 de junho, no gin\u00e1sio do Col\u00e9gio Nossa Senhora da Gl\u00f3ria (Glorinha). Como diferencial, o evento vai contar com apresenta\u00e7\u00e3o da sele\u00e7\u00e3o brasileira de Gin\u00e1stica R\u00edtmica Desportiva (GRD), que em meados de junho vai \u00e0 Fran\u00e7a representar o Brasil no Mundial.<\/p>\n<p>Os detalhes t\u00e9cnicos e composi\u00e7\u00e3o dos grupos das disputas foram definidos ontem (quarta-feira &ndash; 29\/05) em um congresso t\u00e9cnico no sal\u00e3o nobre da Prefeitura de Apucarana. Representando o prefeito Beto Preto (PT), a secret\u00e1ria de Esportes, professora Dione Gaspar, salientou que desde j\u00e1 o munic\u00edpio trabalha para a acolhida das delega\u00e7\u00f5es. &ldquo;Nossa equipe vai estar \u00e0 disposi\u00e7\u00e3o 24 horas por dia, de cora\u00e7\u00e3o e bra\u00e7os abertos para receber a todos e realizar uma excelente etapa macrorregional&rdquo;, destacou.<\/p>\n<p>Tamb\u00e9m presente na abertura dos trabalhos, a chefe do N\u00facleo Regional de Educa\u00e7\u00e3o, professora Maria Onide Balan Sardinha, frisou a import&acirc;ncia das parcerias. &ldquo;Sem o apoio incondicional que temos da prefeitura, dos diretores das escolas e dos professores de educa\u00e7\u00e3o f\u00edsica, n\u00e3o conseguir\u00edamos realizar nada. S\u00e3o estas parcerias que celebramos ao longo da caminhada que fazem a diferen\u00e7a&rdquo;, assinalou. Ela destacou o trabalho da Regional Apucarana e disse ter a certeza de que muitas equipes v\u00e3o representar o munic\u00edpio na etapa Final dos 60\u00ba JEPs.<\/p>\n<p><\/p>\n","protected":false},"excerpt":{"rendered":"<p>Considerado o maior evento esportivo estudantil da Am&eacute;rica Latina, a abertura das disputas j&aacute; est&aacute; agendada para acontecer &agrave;s 19h30 do dia 5 de junho, no gin&aacute;sio do Col&eacute;gio Nossa Senhora da Gl&oacute;ria (Glorinha\u756f<\/p>\n","protected":false},"author":4,"featured_media":0,"comment_status":"closed","ping_status":"closed","sticky":false,"template":"","format":"standard","meta":{"footnotes":""},"categories":[24],"tags":[],"class_list":["post-816","post","type-post","status-publish","format-standard","hentry","category-noticias"],"acf":[],"_links":{"self":[{"href":"https:\/\/www.apucarana.pr.gov.br\/site\/wp-json\/wp\/v2\/posts\/816","targetHints":{"allow":["GET"]}}],"collection":[{"href":"https:\/\/www.apucarana.pr.gov.br\/site\/wp-json\/wp\/v2\/posts"}],"about":[{"href":"https:\/\/www.apucarana.pr.gov.br\/site\/wp-json\/wp\/v2\/types\/post"}],"author":[{"embeddable":true,"href":"https:\/\/www.apucarana.pr.gov.br\/site\/wp-json\/wp\/v2\/users\/4"}],"replies":[{"embeddable":true,"href":"https:\/\/www.apucarana.pr.gov.br\/site\/wp-json\/wp\/v2\/comments?post=816"}],"version-history":[{"count":1,"href":"https:\/\/www.apucarana.pr.gov.br\/site\/wp-json\/wp\/v2\/posts\/816\/revisions"}],"predecessor-version":[{"id":106062,"href":"https:\/\/www.apucarana.pr.gov.br\/site\/wp-json\/wp\/v2\/posts\/816\/revisions\/106062"}],"wp:attachment":[{"href":"https:\/\/www.apucarana.pr.gov.br\/site\/wp-json\/wp\/v2\/media?parent=816"}],"wp:term":[{"taxonomy":"category","embeddable":true,"href":"https:\/\/www.apucarana.pr.gov.br\/site\/wp-json\/wp\/v2\/categories?post=816"},{"taxonomy":"post_tag","embeddable":true,"href":"https:\/\/www.apucarana.pr.gov.br\/site\/wp-json\/wp\/v2\/tags?post=816"}],"curies":[{"name":"wp","href":"https:\/\/api.w.org\/{rel}","templated":true}]}}