{"id":815,"date":"2013-05-29T17:10:00","date_gmt":"2013-05-29T17:10:00","guid":{"rendered":"http:\/\/172.16.0.7\/site-antigo\/?p=815"},"modified":"2024-10-08T09:06:21","modified_gmt":"2024-10-08T12:06:21","slug":"capivara-e-encontrada-morta-no-parque-da-raposa","status":"publish","type":"post","link":"https:\/\/www.apucarana.pr.gov.br\/site\/capivara-e-encontrada-morta-no-parque-da-raposa\/","title":{"rendered":"Capivara \u00e9 encontrada morta no Parque da Raposa"},"content":{"rendered":"<p>A Pol\u00edcia Militar Ambiental e a Secretaria Municipal de Meio Ambiente confirmaram nesta quarta-feira (29\/05) que uma capivara foi encontrada morta no Parque Ecol\u00f3gico da Raposa. A principal suspeita \u00e9 que o animal silvestre, que estava em avan\u00e7ado estado de decomposi\u00e7\u00e3o, tenha sido vitimado por ca\u00e7adores. As autoridades lembram que esse tipo de crime ambiental \u00e9 inafian\u00e7\u00e1vel e prev\u00ea pena de dois anos de pris\u00e3o, al\u00e9m de multa que pode chegar a R$ 5 mil.  <\/p>\n<p>O prefeito de Apucarana, Beto Preto, lamentou o fato, destacando que o Munic\u00edpio vem fazendo esfor\u00e7os para cumprir os requisitos no tocante \u00e0 Unidade de Conserva\u00e7\u00e3o e tamb\u00e9m para melhorar a estrutura de visita\u00e7\u00e3o do parque. &ldquo;&Eacute; uma \u00e1rea de preserva\u00e7\u00e3o da fauna e da flora, que tem diversas esp\u00e9cies de animais, como macacos e capivaras, entre outros. &Eacute; lament\u00e1vel que isso continue ocorrendo, especialmente porque tem como agravante ter sido registrado dentro de uma Unidade de Conserva\u00e7\u00e3o&rdquo;, afirma.<\/p>\n<p>De acordo com Walmir Nogueira da Matta, cabo da Pol\u00edcia Militar Ambiental, a morte da capivara deve ter ocorrido h\u00e1 cerca de 15 dias. &ldquo;Encontramos o animal dentro da mata e em avan\u00e7ado estado de decomposi\u00e7\u00e3o, o que dificulta precisar a causa da morte. Mas tudo indica que ela tenha sido abatida por ca\u00e7adores&rdquo;, afirma. Segundo ele, em recente contagem foram verificadas cerca de 30 capivaras no parque. &ldquo;&Eacute; um n\u00famero estimado, mas j\u00e1 notamos visualmente que essa quantidade diminuiu. E isso \u00e9 preocupante, uma vez que n\u00e3o existem predadores naturais no parque&rdquo;, alerta, salientando que as penalidades dobram nos casos em que o crime ambiental \u00e9 cometido dentro de uma Unidade de Conserva\u00e7\u00e3o. <\/p>\n<p>O secret\u00e1rio municipal de Meio Ambiente, Itamar Gomes de Oliveira, reitera que o Parque Ecol\u00f3gico da Raposa \u00e9 classificado como Unidade de Conserva\u00e7\u00e3o, garantindo ao munic\u00edpio recursos do chamado ICMS Ecol\u00f3gico. &ldquo;Al\u00e9m de ser um espa\u00e7o de preserva\u00e7\u00e3o da fauna e da flora, \u00e9 um local de visita\u00e7\u00e3o e tamb\u00e9m procurado para estudos acad\u00eamicos. Assumimos com os \u00f3rg\u00e3os ambientais o compromisso de cuidar, fiscalizar e monitorar o parque&rdquo;, informa ele, solicitando para que a popula\u00e7\u00e3o contribua denunciando eventuais crimes ambientais verificados na Unidade de Conserva\u00e7\u00e3o. &ldquo;Isso vai desde a ca\u00e7a de animais silvestres, \u00e0 pesca no lago e at\u00e9 queimadas. De segunda a sexta-feira, as pessoas podem ligar na Secretaria do Meio Ambiente e nos finais de semana podem acionar a Guarda Municipal&rdquo;, orienta o secret\u00e1rio. <\/p>\n<p><\/p>\n","protected":false},"excerpt":{"rendered":"<p>De acordo com Walmir Nogueira da Matta, cabo da Pol&iacute;cia Militar Ambiental, a morte da capivara deve ter ocorrido h&aacute; cerca de 15 dias<\/p>\n","protected":false},"author":4,"featured_media":0,"comment_status":"closed","ping_status":"closed","sticky":false,"template":"","format":"standard","meta":{"footnotes":""},"categories":[24],"tags":[],"class_list":["post-815","post","type-post","status-publish","format-standard","hentry","category-noticias"],"acf":[],"_links":{"self":[{"href":"https:\/\/www.apucarana.pr.gov.br\/site\/wp-json\/wp\/v2\/posts\/815","targetHints":{"allow":["GET"]}}],"collection":[{"href":"https:\/\/www.apucarana.pr.gov.br\/site\/wp-json\/wp\/v2\/posts"}],"about":[{"href":"https:\/\/www.apucarana.pr.gov.br\/site\/wp-json\/wp\/v2\/types\/post"}],"author":[{"embeddable":true,"href":"https:\/\/www.apucarana.pr.gov.br\/site\/wp-json\/wp\/v2\/users\/4"}],"replies":[{"embeddable":true,"href":"https:\/\/www.apucarana.pr.gov.br\/site\/wp-json\/wp\/v2\/comments?post=815"}],"version-history":[{"count":1,"href":"https:\/\/www.apucarana.pr.gov.br\/site\/wp-json\/wp\/v2\/posts\/815\/revisions"}],"predecessor-version":[{"id":106063,"href":"https:\/\/www.apucarana.pr.gov.br\/site\/wp-json\/wp\/v2\/posts\/815\/revisions\/106063"}],"wp:attachment":[{"href":"https:\/\/www.apucarana.pr.gov.br\/site\/wp-json\/wp\/v2\/media?parent=815"}],"wp:term":[{"taxonomy":"category","embeddable":true,"href":"https:\/\/www.apucarana.pr.gov.br\/site\/wp-json\/wp\/v2\/categories?post=815"},{"taxonomy":"post_tag","embeddable":true,"href":"https:\/\/www.apucarana.pr.gov.br\/site\/wp-json\/wp\/v2\/tags?post=815"}],"curies":[{"name":"wp","href":"https:\/\/api.w.org\/{rel}","templated":true}]}}