{"id":813,"date":"2013-05-28T17:06:00","date_gmt":"2013-05-28T17:06:00","guid":{"rendered":"http:\/\/172.16.0.7\/site-antigo\/?p=813"},"modified":"2024-10-08T09:06:21","modified_gmt":"2024-10-08T12:06:21","slug":"apucarana-oferece-profissionalizacao-a-estudantes-da-rede-estadual","status":"publish","type":"post","link":"https:\/\/www.apucarana.pr.gov.br\/site\/apucarana-oferece-profissionalizacao-a-estudantes-da-rede-estadual\/","title":{"rendered":"Apucarana oferece profissionaliza\u00e7\u00e3o a estudantes da rede estadual"},"content":{"rendered":"<p>Alunos do segundo e do terceiro ano do ensino m\u00e9dio dos col\u00e9gios p\u00fablicos de Apucarana j\u00e1 podem optar e efetivar inscri\u00e7\u00e3o em cursos profissionalizantes oferecidos gratuitamente pelo Governo Federal atrav\u00e9s do Servi\u00e7o Nacional de Aprendizagem Industrial (Senai), N\u00facleo Regional de Educa\u00e7\u00e3o e Prefeitura de Apucarana. As oportunidades s\u00e3o para os cursos de t\u00e9cnico em eletromec&acirc;nica, em eletrot\u00e9cnica, em log\u00edstica, em inform\u00e1tica, e em manuten\u00e7\u00e3o e suporte em inform\u00e1tica. &ldquo;Para se inscrever \u00e9 bastante simples. Os interessados devem procurar as secretarias dos col\u00e9gios onde estudam, munidos de comprovante de resid\u00eancia, xerox do RG, CPF e declara\u00e7\u00e3o da escola&rdquo;, informa Denise Canezin Machado, diretora de Capacita\u00e7\u00e3o Profissional da Secretaria Municipal da Ind\u00fastria e Com\u00e9rcio de Apucarana.   A previs\u00e3o de in\u00edcio das aulas, que v\u00e3o acontecer sempre no per\u00edodo da tarde, no Senai, \u00e9 para o dia 29 de julho.<\/p>\n<p>Os cursos s\u00e3o por interm\u00e9dio do programa Bolsa Forma\u00e7\u00e3o Estudante, do Pronatec &ndash; Programa Nacional de Acesso ao Ensino T\u00e9cnico. &ldquo;Este primeiro semestre j\u00e1 entrou para a hist\u00f3ria do munic\u00edpio como um per\u00edodo de grande expans\u00e3o da oferta de cursos profissionalizantes. Nunca antes a administra\u00e7\u00e3o municipal dispensou, como vem dispensando, a devida aten\u00e7\u00e3o para este importante setor, que \u00e9 a educa\u00e7\u00e3o t\u00e9cnica profissionalizante. Al\u00e9m de qualifica\u00e7\u00e3o da m\u00e3o de obra em nosso munic\u00edpio, estes cursos elevam a qualidade de vida da popula\u00e7\u00e3o, garantindo uma oportunidade segura de crescimento profissional&rdquo;, frisou Beto. Ele comenta que os investimentos feitos nesta \u00e1rea v\u00e3o ser sentidos positivamente a m\u00e9dio prazo, pela economia local. &ldquo;Certamente teremos maior competitividade e atra\u00e7\u00e3o de novos empreendimentos&rdquo;, prev\u00ea.<\/p>\n<p>Segundo dados do IBGE, de 2011, cerca de 8 milh\u00f5es de jovens de 18 a 26 anos com ensino secund\u00e1rio completo n\u00e3o frequentam escola. Apenas 15% dos jovens brasileiros entre 18 e 24 anos chegam ao ensino superior. &ldquo;Os cursos Pronatec chegam para mudar esta realidade. As oportunidades de forma\u00e7\u00e3o profissional com inscri\u00e7\u00f5es abertas em Apucarana oferecem ainda, aos benefici\u00e1rios, vale-transporte e vale-alimenta\u00e7\u00e3o&rdquo;, destaca M\u00e1rcia Regina de Souza, secret\u00e1ria Municipal da Assist\u00eancia Social.<\/p>\n<p>At\u00e9 dezembro, a Prefeitura de Apucarana espera preencher 1.650 vagas pelo Pronatec. Uma iniciativa do Governo Federal, em Apucarana a parceria envolve a Fiep atrav\u00e9s do Sistema S &#8211; Sesi\/Senai e Senac, em conjunto com as secretarias Municipais da Ind\u00fastria e Com\u00e9rcio e da Assist\u00eancia Social. &ldquo;Diversas turmas j\u00e1 est\u00e3o em andamento em Apucarana e outras est\u00e3o iniciando ou com inscri\u00e7\u00f5es abertas&rdquo;, frisa Denise Canezin Machado, diretora de Capacita\u00e7\u00e3o Profissional da Prefeitura. <\/p>\n<p>Ela informa que al\u00e9m dos locais de inscri\u00e7\u00e3o (secret\u00e1rias dos col\u00e9gios), d\u00favidas e outras informa\u00e7\u00f5es sobre os cursos Pronatec em Apucarana podem ainda ser obtidas na Ag\u00eancia do Trabalhador, na Rua Ren\u00ea Camargo de Azambuja, 705, pelos telefones 3423-1376 e 3423-5266, ou no Senai Apucarana, localizado na Avenida Avia\u00e7\u00e3o, 1.851. <\/p>\n<p><\/p>\n","protected":false},"excerpt":{"rendered":"<p>At&eacute; dezembro, a Prefeitura de Apucarana espera preencher 1.650 vagas pelo Pronatec<\/p>\n","protected":false},"author":4,"featured_media":0,"comment_status":"closed","ping_status":"closed","sticky":false,"template":"","format":"standard","meta":{"footnotes":""},"categories":[24],"tags":[],"class_list":["post-813","post","type-post","status-publish","format-standard","hentry","category-noticias"],"acf":[],"_links":{"self":[{"href":"https:\/\/www.apucarana.pr.gov.br\/site\/wp-json\/wp\/v2\/posts\/813","targetHints":{"allow":["GET"]}}],"collection":[{"href":"https:\/\/www.apucarana.pr.gov.br\/site\/wp-json\/wp\/v2\/posts"}],"about":[{"href":"https:\/\/www.apucarana.pr.gov.br\/site\/wp-json\/wp\/v2\/types\/post"}],"author":[{"embeddable":true,"href":"https:\/\/www.apucarana.pr.gov.br\/site\/wp-json\/wp\/v2\/users\/4"}],"replies":[{"embeddable":true,"href":"https:\/\/www.apucarana.pr.gov.br\/site\/wp-json\/wp\/v2\/comments?post=813"}],"version-history":[{"count":1,"href":"https:\/\/www.apucarana.pr.gov.br\/site\/wp-json\/wp\/v2\/posts\/813\/revisions"}],"predecessor-version":[{"id":106065,"href":"https:\/\/www.apucarana.pr.gov.br\/site\/wp-json\/wp\/v2\/posts\/813\/revisions\/106065"}],"wp:attachment":[{"href":"https:\/\/www.apucarana.pr.gov.br\/site\/wp-json\/wp\/v2\/media?parent=813"}],"wp:term":[{"taxonomy":"category","embeddable":true,"href":"https:\/\/www.apucarana.pr.gov.br\/site\/wp-json\/wp\/v2\/categories?post=813"},{"taxonomy":"post_tag","embeddable":true,"href":"https:\/\/www.apucarana.pr.gov.br\/site\/wp-json\/wp\/v2\/tags?post=813"}],"curies":[{"name":"wp","href":"https:\/\/api.w.org\/{rel}","templated":true}]}}