{"id":811,"date":"2013-05-27T21:36:00","date_gmt":"2013-05-27T21:36:00","guid":{"rendered":"http:\/\/172.16.0.7\/site-antigo\/?p=811"},"modified":"2024-10-08T09:06:21","modified_gmt":"2024-10-08T12:06:21","slug":"prefeito-beto-preto-se-reune-com-comitiva-de-utah-eua","status":"publish","type":"post","link":"https:\/\/www.apucarana.pr.gov.br\/site\/prefeito-beto-preto-se-reune-com-comitiva-de-utah-eua\/","title":{"rendered":"Prefeito Beto Preto se re\u00fane com comitiva de Utah (EUA)"},"content":{"rendered":"<p>O prefeito Beto Preto participou na noite de s\u00e1bado, em Londrina, de reuni\u00e3o com uma comitiva de investidores do estado de Utah (EUA), ao lado do Secret\u00e1rio da Fazenda (PR) Luiz Carlos Haully, e dos deputados federais Andr\u00e9 Vargas e Alex Canziani. A proposta de interc&acirc;mbio de neg\u00f3cios entre empres\u00e1rios e os governos do Paran\u00e1 e de Utah foi discutida com o C&ocirc;nsul Honor\u00e1rio do Brasil em Utah, Mr. Gary Neeleman, e o representante do Governo de Utah, Harvey.<\/p>\n<p>Conforme ficou deliberado no encontro, realizado na sala vip do F\u00e1brica 1, ser\u00e1 criada uma agenda de interc&acirc;mbio de neg\u00f3cios entre os empres\u00e1rios de Utah e empres\u00e1rios do Paran\u00e1, principalmente do Norte do Paran\u00e1. &ldquo;Ficou definido que o representante do Governo de Utah levar\u00e1 aos munic\u00edpios do Paran\u00e1 e seus representantes empresariais uma rela\u00e7\u00e3o dos empres\u00e1rios de Utah, com os seus respectivos perfis, que vir\u00e3o ao Paran\u00e1 em Setembro, para estudar uma co-rela\u00e7\u00e3o de oportunidades&rdquo;, informou o advogado Jo\u00e3o Alberto Gra\u00e7a, assessor especial do Ministro do Trabalho e do Emprego (Manoel Dias), que intermediou a vinda da comitiva americana ao Norte do Paran\u00e1. <\/p>\n<p>Ainda na reuni\u00e3o do fim de semana, tamb\u00e9m ficou definida uma visita pr\u00e9via de empres\u00e1rios e agentes pol\u00edticos do Paran\u00e1, na segunda quinzena de julho, para Salt Lake City (EUA), visando dar in\u00edcio \u00e0 rodada de negocia\u00e7\u00e3o e \u00e0 escolha de setores e temas no interc&acirc;mbio. &ldquo;O c&ocirc;nsul Gary e Harvey, o representante do Governo de Utah, discorreram sobre as v\u00e1rias tecnologias desenvolvidas na agricultura, como sistema de irriga\u00e7\u00e3o, e na \u00e1rea de eletro-mec&acirc;nica&rdquo;, revelou o prefeito Beto Preto, que disse acreditar na formaliza\u00e7\u00e3o de parcerias produtivas com investidores de Utah. <\/p>\n","protected":false},"excerpt":{"rendered":"<p>Ao lado do secret&aacute;rio Haully e dos deputados Vargas e Canziani, foi avaliado o interc&acirc;mbio de neg&oacute;cios entre Paran&aacute; e Utah<\/p>\n","protected":false},"author":4,"featured_media":0,"comment_status":"closed","ping_status":"closed","sticky":false,"template":"","format":"standard","meta":{"footnotes":""},"categories":[24],"tags":[],"class_list":["post-811","post","type-post","status-publish","format-standard","hentry","category-noticias"],"acf":[],"_links":{"self":[{"href":"https:\/\/www.apucarana.pr.gov.br\/site\/wp-json\/wp\/v2\/posts\/811","targetHints":{"allow":["GET"]}}],"collection":[{"href":"https:\/\/www.apucarana.pr.gov.br\/site\/wp-json\/wp\/v2\/posts"}],"about":[{"href":"https:\/\/www.apucarana.pr.gov.br\/site\/wp-json\/wp\/v2\/types\/post"}],"author":[{"embeddable":true,"href":"https:\/\/www.apucarana.pr.gov.br\/site\/wp-json\/wp\/v2\/users\/4"}],"replies":[{"embeddable":true,"href":"https:\/\/www.apucarana.pr.gov.br\/site\/wp-json\/wp\/v2\/comments?post=811"}],"version-history":[{"count":1,"href":"https:\/\/www.apucarana.pr.gov.br\/site\/wp-json\/wp\/v2\/posts\/811\/revisions"}],"predecessor-version":[{"id":106068,"href":"https:\/\/www.apucarana.pr.gov.br\/site\/wp-json\/wp\/v2\/posts\/811\/revisions\/106068"}],"wp:attachment":[{"href":"https:\/\/www.apucarana.pr.gov.br\/site\/wp-json\/wp\/v2\/media?parent=811"}],"wp:term":[{"taxonomy":"category","embeddable":true,"href":"https:\/\/www.apucarana.pr.gov.br\/site\/wp-json\/wp\/v2\/categories?post=811"},{"taxonomy":"post_tag","embeddable":true,"href":"https:\/\/www.apucarana.pr.gov.br\/site\/wp-json\/wp\/v2\/tags?post=811"}],"curies":[{"name":"wp","href":"https:\/\/api.w.org\/{rel}","templated":true}]}}