{"id":810,"date":"2013-05-27T18:51:00","date_gmt":"2013-05-27T18:51:00","guid":{"rendered":"http:\/\/172.16.0.7\/site-antigo\/?p=810"},"modified":"2024-10-08T09:06:21","modified_gmt":"2024-10-08T12:06:21","slug":"apucarana-lanca-congresso-internacional","status":"publish","type":"post","link":"https:\/\/www.apucarana.pr.gov.br\/site\/apucarana-lanca-congresso-internacional\/","title":{"rendered":"Apucarana lan\u00e7a Congresso Internacional"},"content":{"rendered":"<div class=\"full\">\n<figure><img decoding=\"async\" style=\"\" src=\"http:\/\/cdn.apucarana.pr.gov.br\/730x400\/original\/2013\/05\/27\/coletiva-profeta-4.JPG\" width=\"730\"><figcaption class=\"caption\">Prefeito Beto Preto e equipe organizadora do evento durante entrevista coletiva sobre o congresso<\/figcaption><\/figure>\n<\/div>\n<div class=\"full\">\n<figure><img decoding=\"async\" style=\"\" src=\"http:\/\/cdn.apucarana.pr.gov.br\/730x400\/original\/2013\/05\/27\/coletiva-profeta-4.JPG\" width=\"730\"><figcaption class=\"caption\">Prefeito Beto Preto e equipe organizadora do evento durante entrevista coletiva sobre o congresso<\/figcaption><\/figure>\n<\/div>\n<p><\/p>\n<\/p>\n<p><b><\/b>Delega\u00e7\u00f5es da Argentina, Bol\u00edvia, M\u00e9xico, Paraguai, Uruguai, Espanha, Vaticano, &Iacute;ndia, It\u00e1lia e de diversos estados brasileiros j\u00e1 confirmaram participa\u00e7\u00e3o no 10\u00ba Congresso Internacional de Turismo Religioso Sustent\u00e1vel, que acontece de 3 a 5 de junho no Cine Teatro F\u00eanix, em Apucarana.  <\/p>\n<p>Considerado pelos especialistas como um evento ecum\u00eanico de grande import&acirc;ncia social e econ&ocirc;mica para o Brasil, contar\u00e1 com palestrantes e presen\u00e7a de l\u00edderes religiosos das mais diversas denomina\u00e7\u00f5es. &ldquo;Estamos lisonjeados em poder sediar um evento desta grandeza, que coloca Apucarana no mapa internacional das discuss\u00f5es ligadas ao setor de turismo religioso. Ser\u00e3o tr\u00eas dias de uma intensa programa\u00e7\u00e3o, que vai colocar em pauta atrav\u00e9s das palestras, pain\u00e9is, exposi\u00e7\u00f5es e apresenta\u00e7\u00f5es, assuntos relevantes da atualidade&rdquo;, assinala o prefeito de Apucarana, Beto Preto (PT), que acompanha de perto a organiza\u00e7\u00e3o do evento.<\/p>\n<p>&ldquo;Al\u00e9m dos pa\u00edses j\u00e1 confirmados, temos inscri\u00e7\u00f5es de delega\u00e7\u00f5es de v\u00e1rias cidades do Paran\u00e1, Santa Catarina, Rio de Janeiro, Rio Grande do Sul, S\u00e3o Paulo, Bahia e Cear\u00e1. S\u00e3o evang\u00e9licos, cat\u00f3licos, mu\u00e7ulmanos, budistas, ortodoxos (ucranianos), hindu\u00edstas e seguidores de religi\u00f5es afro-brasileiras&rdquo;, detalha.<\/p>\n<p>Com o tema geral &ldquo;Integra\u00e7\u00e3o e Conhecimento: A F\u00e9 em busca da Sustentabilidade&rdquo;, entre os nomes de autoridades j\u00e1 certas no congresso internacional est\u00e3o protagonistas como o professor Luiz Carlos Pugialli, presidente da Comiss\u00e3o Especial Governamental da 27\u00aa Jornada Mundial da Juventude (JMJ), evento de 23 a 28 de julho no Rio de Janeiro; diretora Comercial da Feira ExpoCat\u00f3lica, Kiara Castro, a\u00e7\u00e3o que acontece juntamente com a JMJ; Dorival Sim\u00f5es, presidente do Cebras (Conselho Medi\u00fanico do Brasil) e diretor-geral do Instituto Afro-brasileiro de P\u00f3s-Gradua\u00e7\u00e3o e Extens\u00e3o; Arcebispo de Maring\u00e1 e bispo referencial da Pastoral do Turismo no Brasil, Dom Anuar Battisti; coordenador t\u00e9cnico da Pastoral de Turismo do Brasil e da Confedera\u00e7\u00e3o Nacional dos Bispos do Brasil (CNBB), engenheiro Ruben Orlando Moyano, entre outros.<\/p>\n<p><b>Jornada Mundial da Juventude<\/p>\n<p><\/b> <\/p>\n<p>Durante o Congresso Internacional de Turismo Religioso vai acontecer ainda o lan\u00e7amento oficial da Jornada Mundial da Juventude. Trata-se do maior evento da Igreja Cat\u00f3lica neste ano, previsto para julho, na cidade do Rio de Janeiro, com a presen\u00e7a do Papa Francisco. A Funda\u00e7\u00e3o Cultural e de Turismo de Apucarana (Funcap) j\u00e1 recebeu a confirma\u00e7\u00e3o da presen\u00e7a do professor Luiz Carlos Pugialli, presidente da Comiss\u00e3o Especial Governamental da Jornada Mundial da Juventude que, reunir\u00e1 milhares de jovens brasileiros e tamb\u00e9m caravanas de diversos pa\u00edses.<\/p>\n<p><b>Rel\u00edquia da cruz de Cristo estar\u00e1 em exposi\u00e7\u00e3o<\/p>\n<p><\/b> <\/p>\n<p>Durante entrevista coletiva concedida ontem pela equipe organizadora do congresso, foi apresentada uma rel\u00edquia religiosa que ficar\u00e1 em exposi\u00e7\u00e3o para o p\u00fablico durante os dias do evento. Trata-se de um fragmento de madeira da cruz de Jesus Cristo, que h\u00e1 5 anos est\u00e1 sob os cuidados do padre Jos\u00e9 Ant&ocirc;nio Bertolin, da Igreja S\u00e3o Jos\u00e9, em Apucarana.<\/p>\n<p>Exemplares de pequenas lascas da cruz de Jesus Cristo, cuja quantidade n\u00e3o chega a 100 em todo o mundo, est\u00e3o sendo mantidas atrav\u00e9s dos anos por sacerdotes que recebem a miss\u00e3o de ser seus guardi\u00f5es. &ldquo;H\u00e1 cerca de 5 anos, um padre de Roma me transferiu essa miss\u00e3o. Devido \u00e0 sua idade avan\u00e7ada, hoje com 92 anos, ele me confiou os cuidados desse pequeno peda\u00e7o da santa cruz de Jesus Cristo, que tem um valor inestim\u00e1vel. E vou proceder da mesma forma quando chegar minha vez&rdquo;, explicou padre Bertolin, que pertence a Congrega\u00e7\u00e3o dos Oblatos de S\u00e3o Jos\u00e9.<\/p>\n<p>A rel\u00edquia da Cruz de Jesus vai ficar em exposi\u00e7\u00e3o no altar da Catedral Nossa Senhora de Lourdes, entre os dias primeiro a cinco de junho. <\/p>\n<p><\/p>\n","protected":false},"excerpt":{"rendered":"<p>Al&eacute;m de programa&ccedil;&atilde;o com especialistas, evento ecum&ecirc;nico tamb&eacute;m ter&aacute; atividades para o p&uacute;blico geral<\/p>\n","protected":false},"author":4,"featured_media":0,"comment_status":"closed","ping_status":"closed","sticky":false,"template":"","format":"standard","meta":{"footnotes":""},"categories":[24],"tags":[],"class_list":["post-810","post","type-post","status-publish","format-standard","hentry","category-noticias"],"acf":[],"_links":{"self":[{"href":"https:\/\/www.apucarana.pr.gov.br\/site\/wp-json\/wp\/v2\/posts\/810","targetHints":{"allow":["GET"]}}],"collection":[{"href":"https:\/\/www.apucarana.pr.gov.br\/site\/wp-json\/wp\/v2\/posts"}],"about":[{"href":"https:\/\/www.apucarana.pr.gov.br\/site\/wp-json\/wp\/v2\/types\/post"}],"author":[{"embeddable":true,"href":"https:\/\/www.apucarana.pr.gov.br\/site\/wp-json\/wp\/v2\/users\/4"}],"replies":[{"embeddable":true,"href":"https:\/\/www.apucarana.pr.gov.br\/site\/wp-json\/wp\/v2\/comments?post=810"}],"version-history":[{"count":1,"href":"https:\/\/www.apucarana.pr.gov.br\/site\/wp-json\/wp\/v2\/posts\/810\/revisions"}],"predecessor-version":[{"id":106069,"href":"https:\/\/www.apucarana.pr.gov.br\/site\/wp-json\/wp\/v2\/posts\/810\/revisions\/106069"}],"wp:attachment":[{"href":"https:\/\/www.apucarana.pr.gov.br\/site\/wp-json\/wp\/v2\/media?parent=810"}],"wp:term":[{"taxonomy":"category","embeddable":true,"href":"https:\/\/www.apucarana.pr.gov.br\/site\/wp-json\/wp\/v2\/categories?post=810"},{"taxonomy":"post_tag","embeddable":true,"href":"https:\/\/www.apucarana.pr.gov.br\/site\/wp-json\/wp\/v2\/tags?post=810"}],"curies":[{"name":"wp","href":"https:\/\/api.w.org\/{rel}","templated":true}]}}