{"id":788,"date":"2013-05-16T18:04:59","date_gmt":"2013-05-16T18:04:59","guid":{"rendered":"http:\/\/172.16.0.7\/site-antigo\/?p=788"},"modified":"2024-10-08T09:06:22","modified_gmt":"2024-10-08T12:06:22","slug":"prefeitura-recupera-nascente-do-rio-pirapo","status":"publish","type":"post","link":"https:\/\/www.apucarana.pr.gov.br\/site\/prefeitura-recupera-nascente-do-rio-pirapo\/","title":{"rendered":"Prefeitura recupera nascente do Rio Pirap\u00f3"},"content":{"rendered":"<p>A Secretaria Municipal do Meio Ambiente est\u00e1 fazendo o plantio de aproximadamente 300 mudas de \u00e1rvores na nascente do Rio Pirap\u00f3, localizada na Rua Clot\u00e1rio Portugal, em frente \u00e0 UPA. A iniciativa faz parte do projeto de recupera\u00e7\u00e3o do local, onde j\u00e1 foram colocadas placas e realizado servi\u00e7o de limpeza geral.<\/p>\n<p>O crescimento das \u00e1rvores, todas nativas de diferentes esp\u00e9cies, ser\u00e1 monitorado por cerca de um ano, quando devem atingir entre 1,5 e 2 metros. &ldquo;Nossos t\u00e9cnicos v\u00e3o acompanhar o desenvolvimento das plantas para que n\u00e3o haja interven\u00e7\u00e3o ou degrada\u00e7\u00e3o desta \u00e1rea de preserva\u00e7\u00e3o&rdquo;, afirma Ewerton Pires, superintendente da secretaria de Meio Ambiente.<\/p>\n<p>Paralelamente,a prefeitura vai fazer um trabalho de orienta\u00e7\u00e3o junto \u00e0 popula\u00e7\u00e3o da import&acirc;ncia de se preservar aquele espa\u00e7o. O objetivo \u00e9 evitar que a \u00e1rea sofra agress\u00f5es, como o inc\u00eandio, provavelmente provocado por uma bituca de cigarro, ocorrido no dia 3 de maio.<\/p>\n<\/p>\n<p><\/p>\n","protected":false},"excerpt":{"rendered":"<p>A&ccedil;&atilde;o prev&ecirc; plantio de 300 mudas de &aacute;rvore em &aacute;rea de preserva&ccedil;&atilde;o<\/p>\n","protected":false},"author":4,"featured_media":0,"comment_status":"closed","ping_status":"closed","sticky":false,"template":"","format":"standard","meta":{"footnotes":""},"categories":[24],"tags":[],"class_list":["post-788","post","type-post","status-publish","format-standard","hentry","category-noticias"],"acf":[],"_links":{"self":[{"href":"https:\/\/www.apucarana.pr.gov.br\/site\/wp-json\/wp\/v2\/posts\/788","targetHints":{"allow":["GET"]}}],"collection":[{"href":"https:\/\/www.apucarana.pr.gov.br\/site\/wp-json\/wp\/v2\/posts"}],"about":[{"href":"https:\/\/www.apucarana.pr.gov.br\/site\/wp-json\/wp\/v2\/types\/post"}],"author":[{"embeddable":true,"href":"https:\/\/www.apucarana.pr.gov.br\/site\/wp-json\/wp\/v2\/users\/4"}],"replies":[{"embeddable":true,"href":"https:\/\/www.apucarana.pr.gov.br\/site\/wp-json\/wp\/v2\/comments?post=788"}],"version-history":[{"count":1,"href":"https:\/\/www.apucarana.pr.gov.br\/site\/wp-json\/wp\/v2\/posts\/788\/revisions"}],"predecessor-version":[{"id":106090,"href":"https:\/\/www.apucarana.pr.gov.br\/site\/wp-json\/wp\/v2\/posts\/788\/revisions\/106090"}],"wp:attachment":[{"href":"https:\/\/www.apucarana.pr.gov.br\/site\/wp-json\/wp\/v2\/media?parent=788"}],"wp:term":[{"taxonomy":"category","embeddable":true,"href":"https:\/\/www.apucarana.pr.gov.br\/site\/wp-json\/wp\/v2\/categories?post=788"},{"taxonomy":"post_tag","embeddable":true,"href":"https:\/\/www.apucarana.pr.gov.br\/site\/wp-json\/wp\/v2\/tags?post=788"}],"curies":[{"name":"wp","href":"https:\/\/api.w.org\/{rel}","templated":true}]}}