{"id":787,"date":"2013-05-16T17:55:59","date_gmt":"2013-05-16T17:55:59","guid":{"rendered":"http:\/\/172.16.0.7\/site-antigo\/?p=787"},"modified":"2024-10-08T09:06:23","modified_gmt":"2024-10-08T12:06:23","slug":"palestra-sobre-pedofilia-reune-600-pessoas","status":"publish","type":"post","link":"https:\/\/www.apucarana.pr.gov.br\/site\/palestra-sobre-pedofilia-reune-600-pessoas\/","title":{"rendered":"Palestra sobre pedofilia re\u00fane 600 pessoas"},"content":{"rendered":"<p><p>A palestra da sargento T&acirc;nia Guerreio, especialista em &ldquo;pedofilia&rdquo;, reuniu cerca de 600 pessoas ontem (15), no Cine Teatro F\u00eanix em Apucarana. Requisitada para abordar o tema em n\u00edvel nacional e internacional, T&acirc;nia destacou o \u00edndice alarmante deste tipo de crime no pa\u00eds.  <\/p>\n<p>&ldquo;O perigo est\u00e1 em toda parte, mais perto do que se pode imaginar. Os ped\u00f3filos, de uma maneira geral, est\u00e3o na pr\u00f3pria fam\u00edlia. S\u00e3o pais, padrastos, tios, primos, vizinhos, amigos da fam\u00edlia&rdquo;, alertou.<\/p>\n<p>T&acirc;nia orienta aos pais a sempre estar alerta para qualquer circunst&acirc;ncia que possa fazer da crian\u00e7a um alvo para a a\u00e7\u00e3o do ped\u00f3filo. &ldquo;Essa \u00e9 a melhor maneira dos pais protegerem seus filhos, mas a principal \u00e9 a den\u00fancia&rdquo;, afirmou.<\/p>\n<p>A palestra de T&acirc;nia Guerreiro fez parte da programa\u00e7\u00e3o da Semana Municipal de Preven\u00e7\u00e3o e Combate \u00e0 Viol\u00eancia e Explora\u00e7\u00e3o Sexual Contra a Crian\u00e7a e Adolescente, promovida pela Secretaria Municipal de Assist\u00eancia Social e pelo Centro de Refer\u00eancia Especializado de Assist\u00eancia Social de Apucarana.<\/p>\n<p><\/p>\n","protected":false},"excerpt":{"rendered":"<p>A especialista T&acirc;nio Guerreiro orienta aos pais a ficarem alerta e denunciar o crime<\/p>\n","protected":false},"author":4,"featured_media":0,"comment_status":"closed","ping_status":"closed","sticky":false,"template":"","format":"standard","meta":{"footnotes":""},"categories":[24],"tags":[],"class_list":["post-787","post","type-post","status-publish","format-standard","hentry","category-noticias"],"acf":[],"_links":{"self":[{"href":"https:\/\/www.apucarana.pr.gov.br\/site\/wp-json\/wp\/v2\/posts\/787","targetHints":{"allow":["GET"]}}],"collection":[{"href":"https:\/\/www.apucarana.pr.gov.br\/site\/wp-json\/wp\/v2\/posts"}],"about":[{"href":"https:\/\/www.apucarana.pr.gov.br\/site\/wp-json\/wp\/v2\/types\/post"}],"author":[{"embeddable":true,"href":"https:\/\/www.apucarana.pr.gov.br\/site\/wp-json\/wp\/v2\/users\/4"}],"replies":[{"embeddable":true,"href":"https:\/\/www.apucarana.pr.gov.br\/site\/wp-json\/wp\/v2\/comments?post=787"}],"version-history":[{"count":1,"href":"https:\/\/www.apucarana.pr.gov.br\/site\/wp-json\/wp\/v2\/posts\/787\/revisions"}],"predecessor-version":[{"id":106092,"href":"https:\/\/www.apucarana.pr.gov.br\/site\/wp-json\/wp\/v2\/posts\/787\/revisions\/106092"}],"wp:attachment":[{"href":"https:\/\/www.apucarana.pr.gov.br\/site\/wp-json\/wp\/v2\/media?parent=787"}],"wp:term":[{"taxonomy":"category","embeddable":true,"href":"https:\/\/www.apucarana.pr.gov.br\/site\/wp-json\/wp\/v2\/categories?post=787"},{"taxonomy":"post_tag","embeddable":true,"href":"https:\/\/www.apucarana.pr.gov.br\/site\/wp-json\/wp\/v2\/tags?post=787"}],"curies":[{"name":"wp","href":"https:\/\/api.w.org\/{rel}","templated":true}]}}