{"id":786,"date":"2013-05-16T18:00:00","date_gmt":"2013-05-16T18:00:00","guid":{"rendered":"http:\/\/172.16.0.7\/site-antigo\/?p=786"},"modified":"2024-10-08T09:06:22","modified_gmt":"2024-10-08T12:06:22","slug":"conferencia-municipal-debate-a-reforma-urbana-das-cidades","status":"publish","type":"post","link":"https:\/\/www.apucarana.pr.gov.br\/site\/conferencia-municipal-debate-a-reforma-urbana-das-cidades\/","title":{"rendered":"Confer\u00eancia Municipal debate a &#8220;Reforma Urbana&#8221; das cidades"},"content":{"rendered":"<p>O audit\u00f3rio &ldquo;Gralha Azul&rdquo;, da Faculdade Estadual de Ci\u00eancias Econ&ocirc;micas de Apucarana (Fecea) recebe nesta sexta-feira (17\/05\/2013), a partir das 19 horas, os trabalhos da 5\u00aa Confer\u00eancia Municipal das Cidades. <span>Com o tema &ldquo;Quem muda a cidade somos n\u00f3s: Reforma Urbana j\u00e1!&rdquo; e coordena\u00e7\u00e3o do professor Ant&ocirc;nio Marcos Dorig\u00e3o, a abertura oficial das atividades, que se estendem tamb\u00e9m ao logo deste s\u00e1bado, vai contar com a presen\u00e7a do prefeito Beto Preto (PT). &ldquo;Trata-se do cen\u00e1rio ideal para que a sociedade defina em conjunto os caminhos priorit\u00e1rios e coloque na pauta temas relevantes para que a cidade alcance o desenvolvimento sustent\u00e1vel e a coletividade ganhe em qualidade de vida&rdquo;, pontua Beto. <\/p>\n<p><\/span>  <\/p>\n<p>Ap\u00f3s ato de abertura, por volta das 20h30 est\u00e1 prevista a palestra &ldquo;Reforma Urbana&rdquo;, com professor Dr. Carlos Hardt. Na sequ\u00eancia, acontece apresenta\u00e7\u00e3o do Regimento e Metodologia da Confer\u00eancia. <\/p>\n<p>Neste s\u00e1bado (18\/05), a programa\u00e7\u00e3o tem in\u00edcio \u00e0s 8 horas, tamb\u00e9m na Fecea, com abertura dos trabalhos e divis\u00e3o dos grupos de discuss\u00e3o. Das 9 \u00e0s 12 horas, acontecem os debates nos grupos. Ap\u00f3s pausa para almo\u00e7o, \u00e0s 13h30 tem in\u00edcio as reuni\u00f5es por segmento para elei\u00e7\u00e3o dos Delegados \u00e0 Confer\u00eancia Estadual das Cidades e dos Conselheiros Municipais da Cidade de Apucarana. No meio da tarde acontece plen\u00e1ria de delibera\u00e7\u00e3o das propostas dos grupos de debates e dos delegados e conselheiros eleitos. O encerramento da 5\u00aa Confer\u00eancia Municipal das Cidades, em Apucarana, est\u00e1 previsto para as 16 horas.<\/p>\n<p>Os assuntos definidos como priorit\u00e1rios na etapa municipal ser\u00e3o levados para a 5\u00aa Confer\u00eancia Estadual das Cidades, prevista para os dias 13, 14 e 15 de agosto, em Curitiba. Os temas da etapa estadual, por sua vez, ser\u00e3o levados \u00e0 5\u00aa Confer\u00eancia Nacional das Cidades, agendada para 20 a 24 de novembro, em Bras\u00edlia. <\/p>\n<p>Segundo o diretor-presidente do Instituto de Desenvolvimento, Pesquisa e Planejamento de Apucarana (Idepplan), vice-prefeito J\u00fanior da Femac, o foco da confer\u00eancia \u00e9 para proposi\u00e7\u00e3o de pol\u00edticas e a\u00e7\u00f5es relativas ao funcionamento da cidade e da propriedade em atendimento \u00e0s demandas sociais. &ldquo;As Confer\u00eancias das Cidades, em todas as suas etapas, debatem e avaliam as condi\u00e7\u00f5es e situa\u00e7\u00f5es urbanas como ocupa\u00e7\u00e3o de risco, saneamento ambiental, regulariza\u00e7\u00e3o fundi\u00e1ria, conflitos fundi\u00e1rios, urbaniza\u00e7\u00e3o de assentamentos prec\u00e1rios, acesso a moradia para a popula\u00e7\u00e3o de at\u00e9tr\u00eas sal\u00e1rios m\u00ednimos e mobilidade urbana, entre outros&rdquo;, finaliza J\u00fanior.<\/p>\n<p>Mais informa\u00e7\u00f5es sobre as atividades desta sexta e s\u00e1bado podem ser obtidas pelo telefone 3162-4258 ou ainda por um hot site hospedado no portal da Prefeitura de Apucarana na internet &ndash; www.apucarana.pr.gov.br.<\/p>\n<p><\/p>\n","protected":false},"excerpt":{"rendered":"<p>Os assuntos definidos como priorit&aacute;rios na etapa municipal ser&atilde;o levados para a 5&ordf; Confer&ecirc;ncia Estadual das Cidades<\/p>\n","protected":false},"author":4,"featured_media":0,"comment_status":"closed","ping_status":"closed","sticky":false,"template":"","format":"standard","meta":{"footnotes":""},"categories":[24],"tags":[],"class_list":["post-786","post","type-post","status-publish","format-standard","hentry","category-noticias"],"acf":[],"_links":{"self":[{"href":"https:\/\/www.apucarana.pr.gov.br\/site\/wp-json\/wp\/v2\/posts\/786","targetHints":{"allow":["GET"]}}],"collection":[{"href":"https:\/\/www.apucarana.pr.gov.br\/site\/wp-json\/wp\/v2\/posts"}],"about":[{"href":"https:\/\/www.apucarana.pr.gov.br\/site\/wp-json\/wp\/v2\/types\/post"}],"author":[{"embeddable":true,"href":"https:\/\/www.apucarana.pr.gov.br\/site\/wp-json\/wp\/v2\/users\/4"}],"replies":[{"embeddable":true,"href":"https:\/\/www.apucarana.pr.gov.br\/site\/wp-json\/wp\/v2\/comments?post=786"}],"version-history":[{"count":1,"href":"https:\/\/www.apucarana.pr.gov.br\/site\/wp-json\/wp\/v2\/posts\/786\/revisions"}],"predecessor-version":[{"id":106091,"href":"https:\/\/www.apucarana.pr.gov.br\/site\/wp-json\/wp\/v2\/posts\/786\/revisions\/106091"}],"wp:attachment":[{"href":"https:\/\/www.apucarana.pr.gov.br\/site\/wp-json\/wp\/v2\/media?parent=786"}],"wp:term":[{"taxonomy":"category","embeddable":true,"href":"https:\/\/www.apucarana.pr.gov.br\/site\/wp-json\/wp\/v2\/categories?post=786"},{"taxonomy":"post_tag","embeddable":true,"href":"https:\/\/www.apucarana.pr.gov.br\/site\/wp-json\/wp\/v2\/tags?post=786"}],"curies":[{"name":"wp","href":"https:\/\/api.w.org\/{rel}","templated":true}]}}