{"id":784,"date":"2013-05-16T16:11:00","date_gmt":"2013-05-16T16:11:00","guid":{"rendered":"http:\/\/172.16.0.7\/site-antigo\/?p=784"},"modified":"2024-10-08T09:06:23","modified_gmt":"2024-10-08T12:06:23","slug":"encontro-discute-o-fortalecimento-da-rede-de-saude-mental","status":"publish","type":"post","link":"https:\/\/www.apucarana.pr.gov.br\/site\/encontro-discute-o-fortalecimento-da-rede-de-saude-mental\/","title":{"rendered":"Encontro discute o fortalecimento da rede de sa\u00fade mental"},"content":{"rendered":"<p>Marcando o Dia da luta Antimanicomial, celebrado neste s\u00e1bado, Apucarana est\u00e1 realizando o 2\u00ba Encontro de Aten\u00e7\u00e3o \u00e0 Sa\u00fade Mental: A Rede em Pauta. O debate envolve, entre hoje e amanh\u00e3, profissionais m\u00e9dicos, enfermeiros, psic\u00f3logos, assistentes sociais, agentes comunit\u00e1rios de sa\u00fade e usu\u00e1rios do sistema. Al\u00e9m de levar esclarecimentos, o principal objetivo \u00e9 discutir estrat\u00e9gias para ampliar a integra\u00e7\u00e3o dos pacientes nas comunidades e fortalecer a rede de atendimento.   <\/p>\n<p>&ldquo;Temos que estar atentos e sens\u00edveis \u00e0s demandas destes pacientes. As solu\u00e7\u00f5es adv\u00eam da identifica\u00e7\u00e3o das necessidades e da discuss\u00e3o multiprofissional. Juntos, trabalhando em conjunto, temos maiores chances de vermos essa rede funcionando e com a capilaridade necess\u00e1ria&rdquo;, disse o prefeito de Apucarana, Beto Preto. De acordo com ele, nos \u00faltimos 15 anos os recursos destinados \u00e0s interna\u00e7\u00f5es hospitalares n\u00e3o foram transferidos para o atendimento dos pacientes nas comunidades. &ldquo;Mas isso n\u00e3o \u00e9 desculpa. Precisamos abolir algumas pr\u00e1ticas, assumindo o compromisso de uma sa\u00fade transversal e fazendo o enfrentamento necess\u00e1rio&rdquo;, ressaltou. <\/p>\n<p>O 2\u00ba Encontro de Aten\u00e7\u00e3o \u00e0 Sa\u00fade Mental \u00e9 uma promo\u00e7\u00e3o da Autarquia Municipal de Sa\u00fade (AMS), Centro de Atendimento Psicossocial Infanto-juvenil de Apucarana (CAPS i), Centro de Atendimento Psicossocial de Apucarana &Aacute;lcool e Drogas (CAPS AD) e CAPS Regional de Cambira.<span> &ldquo;Apucarana \u00e9 refer\u00eancia regional na sa\u00fade mental. Queremos promover a integra\u00e7\u00e3o da rede de aten\u00e7\u00e3o b\u00e1sica a outros m\u00f3dulos, como os de urg\u00eancia e emerg\u00eancia, buscando proporcionar um atendimento integral&rdquo;, define o secret\u00e1rio municipal de Sa\u00fade, Dr. H\u00e9lio Kissina. <\/span><\/p>\n<p>O encontro est\u00e1 acontecendo em dois espa\u00e7os e com p\u00fablico-alvo definidos. Hoje de manh\u00e3, no Sal\u00e3o Nobre da Prefeitura de Apucarana, participaram das atividades m\u00e9dicos, enfermeiros, psic\u00f3logos e outros profissionais t\u00e9cnicos da sa\u00fade mental. Foram ministradas as palestras &ldquo;Sinais e Sintomas de transtorno mental grave&rdquo;, com a m\u00e9dica psiquiatra Dr\u00aa Juliana Brum, e &ldquo;Rede em Pauta&rdquo;, com a psic\u00f3loga T&acirc;nia Tanus Salvatori e a enfermeira Lilian Ferreira Domingues. Nesta sexta-feira, o evento prossegue nas depend\u00eancias do Polo da UAB, na Pra\u00e7a Rui Barbosa, com palestras e atividades voltadas a agentes comunit\u00e1rios de sa\u00fade e usu\u00e1rios da rede. <\/p>\n<p>De acordo com Eliane Cherrite, assistente social e coordenadora do Centro de Atendimento Psicossocial Infanto-juvenil, a rede de servi\u00e7os come\u00e7ou a ser articulada no munic\u00edpio em 2008. A principal luta, segundo ela, \u00e9 a chamada &ldquo;desinstitucionaliza\u00e7\u00e3o&rdquo;, diminuindo os internamentos<span> e inserindo os pacientes nas comunidades. &ldquo;O objetivo \u00e9 buscar o fortalecimento dos la\u00e7os familiares e comunit\u00e1rios, dividindo-se assim a responsabilidade sobre os cuidados e o monitoramento. Cada vez mais, a sociedade precisa assegurar o direito da inclus\u00e3o, resgatando a cidadania por meio da conviv\u00eancia familiar e comunit\u00e1ria&rdquo;, ressalta. <\/span><\/p>\n<p><b>REFER&Ecirc;NCIA &ndash;<\/b> Apucarana conta com duas unidades do CAPS (Infanto-juvenil e &Aacute;lcool e Drogas) e, junto com a o CAPS de Cambira, forma uma rede regional que atende a 17 munic\u00edpios. Somente o Centro de Atendimento Psicossocial Infanto- juvenil atende a cerca de 250 pacientes, com idade de 0 a 18 anos. &ldquo;A luta antimanicomial \u00e9 emblem\u00e1tica nesta faixa et\u00e1ria. Imagine retirar uma crian\u00e7a da sua fam\u00edlia, do meio em que vive, para intern\u00e1-la num hospital psiqui\u00e1trico?&rdquo;, exemplifica T&acirc;nia Tanus Salvatori, psic\u00f3loga que atende no CAPS Infanto-juvenil de Apucarana.<\/p>\n<p>Localmente, a rede de aten\u00e7\u00e3o \u00e0 sa\u00fade mental \u00e9 formada por diversas entidades e institui\u00e7\u00f5es, como escolas, unidades b\u00e1sicas de sa\u00fade, CREAS, CRAS, conselho tutelar, Minist\u00e9rio P\u00fablico, pastorais da sa\u00fade e OGNs, entre outros. &ldquo;O atendimento extrapola a \u00e1rea da sa\u00fade, abrangendo servi\u00e7os sociais, jur\u00eddico, de seguran\u00e7a, educa\u00e7\u00e3o e acolhimento das fam\u00edlias. O objetivo \u00e9 integrar tudo isso, incluindo cada vez mais os pacientes nas comunidades, diminuindo ao m\u00e1ximo os internamentos&rdquo;, explica. <\/p>\n<p>A psic\u00f3loga lembra que somente em casos severos o paciente \u00e9 encaminhado a hospitais psiqui\u00e1tricos. &ldquo;&Agrave;s vezes isso \u00e9 necess\u00e1rio, mas deve ser feito com muito crit\u00e9rio e somente quando haja riscos ao pr\u00f3prio paciente e a outras pessoas&rdquo;, pondera, lembrando que na regi\u00e3o existem hospitais psiqui\u00e1tricos em Jandaia do Sul, Rol&acirc;ndia e Londrina. No Brasil, o Dia da Luta Antimanicomial foi institu\u00eddo em 1987, quando passou a ser realizada anualmente no dia 18 de maio. <\/p>\n<p><\/p>\n","protected":false},"excerpt":{"rendered":"<p>Objetivo &eacute; discutir estrat&eacute;gias para ampliar a integra&ccedil;&atilde;o dos pacientes nas comunidades<\/p>\n","protected":false},"author":4,"featured_media":0,"comment_status":"closed","ping_status":"closed","sticky":false,"template":"","format":"standard","meta":{"footnotes":""},"categories":[24],"tags":[],"class_list":["post-784","post","type-post","status-publish","format-standard","hentry","category-noticias"],"acf":[],"_links":{"self":[{"href":"https:\/\/www.apucarana.pr.gov.br\/site\/wp-json\/wp\/v2\/posts\/784","targetHints":{"allow":["GET"]}}],"collection":[{"href":"https:\/\/www.apucarana.pr.gov.br\/site\/wp-json\/wp\/v2\/posts"}],"about":[{"href":"https:\/\/www.apucarana.pr.gov.br\/site\/wp-json\/wp\/v2\/types\/post"}],"author":[{"embeddable":true,"href":"https:\/\/www.apucarana.pr.gov.br\/site\/wp-json\/wp\/v2\/users\/4"}],"replies":[{"embeddable":true,"href":"https:\/\/www.apucarana.pr.gov.br\/site\/wp-json\/wp\/v2\/comments?post=784"}],"version-history":[{"count":1,"href":"https:\/\/www.apucarana.pr.gov.br\/site\/wp-json\/wp\/v2\/posts\/784\/revisions"}],"predecessor-version":[{"id":106094,"href":"https:\/\/www.apucarana.pr.gov.br\/site\/wp-json\/wp\/v2\/posts\/784\/revisions\/106094"}],"wp:attachment":[{"href":"https:\/\/www.apucarana.pr.gov.br\/site\/wp-json\/wp\/v2\/media?parent=784"}],"wp:term":[{"taxonomy":"category","embeddable":true,"href":"https:\/\/www.apucarana.pr.gov.br\/site\/wp-json\/wp\/v2\/categories?post=784"},{"taxonomy":"post_tag","embeddable":true,"href":"https:\/\/www.apucarana.pr.gov.br\/site\/wp-json\/wp\/v2\/tags?post=784"}],"curies":[{"name":"wp","href":"https:\/\/api.w.org\/{rel}","templated":true}]}}