{"id":783,"date":"2013-05-15T21:00:00","date_gmt":"2013-05-15T21:00:00","guid":{"rendered":"http:\/\/172.16.0.7\/site-antigo\/?p=783"},"modified":"2024-10-08T09:06:23","modified_gmt":"2024-10-08T12:06:23","slug":"pericia-externa-avalia-estrutura-e-cursos-da-faced","status":"publish","type":"post","link":"https:\/\/www.apucarana.pr.gov.br\/site\/pericia-externa-avalia-estrutura-e-cursos-da-faced\/","title":{"rendered":"Per\u00edcia externa avalia estrutura e cursos da Faced"},"content":{"rendered":"<p>A Faculdade Apucarana Cidade Educa\u00e7\u00e3o (Faced) recebeu nesta semana a perita externa Dra. S&ocirc;nia Maria Sperandio Lopes Adum. A dilig\u00eancia &ldquo;in loco&rdquo; foi um pedido da Secretaria de Estado da Ci\u00eancia, Tecnologia e Ensino Superior (Seti) e o objetivo da avaliadora foi colher impress\u00f5es e informa\u00e7\u00f5es sobre o real est\u00e1gio de funcionamento da institui\u00e7\u00e3o de ensino superior municipal. Embora autorizados pelo Minist\u00e9rio da Educa\u00e7\u00e3o (MEC), todas as turmas dos quatro cursos de gradua\u00e7\u00e3o iniciados a partir de 2009 &#8211; Pedagogia, Filosofia, Letras Portugu\u00eas\/Espanhol e Letras Portugu\u00eas\/Ingl\u00eas &ndash; ainda n\u00e3o conseguiram o reconhecimento junto ao Conselho Estadual de Educa\u00e7\u00e3o (CEE), imprescind\u00edvel para a certifica\u00e7\u00e3o dos diplomas. <\/p>\n<p>&ldquo;Realizei reuni\u00e3o com os gestores municipais, diretores, coordenadores, professores e alunos da Faced. A partir destes di\u00e1logos e an\u00e1lise da estrutura que estou verificando vou constituir um relat\u00f3rio e entregar \u00e0 Seti que, por sua vez, atrav\u00e9s de um relator vai enviar parecer ao Conselho Estadual de Educa\u00e7\u00e3o (CEE) que vai deliberar sobre o assunto&rdquo;, explicou a perita. Ela frisou que em outra avalia\u00e7\u00e3o, ainda na gest\u00e3o municipal anterior, metas j\u00e1 haviam sido impostas para o reconhecimento dos cursos. &ldquo;Este relat\u00f3rio vai informar \u00e0 Seti e ao Conselho, por exemplo, se as car\u00eancias anteriormente verificadas foram solucionadas e, se n\u00e3o, em que est\u00e1gio de resolu\u00e7\u00e3o est\u00e3o&rdquo;, informou Dra. S&ocirc;nia.  <\/p>\n<p>Acompanhado da Secret\u00e1ria Especial de Ensino Superior, professora Marli Regina Fernandes da Silva e da equipe diretiva da Faced, o prefeito Beto Preto (PT) foi ouvido pela avaliadora e frisou a inten\u00e7\u00e3o do atual governo de manter a faculdade municipal em funcionamento. Durante a audi\u00eancia, Beto entrou em contato com o Conselho Estadual e agendou reuni\u00e3o com o presidente, Dr. Oscar Alves, para trocar a documenta\u00e7\u00e3o protocolada pela administra\u00e7\u00e3o anterior, que sinaliza o desejo do ent\u00e3o governo de encerrar com as atividades da Faced. <\/p>\n<p>&ldquo;Deixei claro \u00e0 perita o interesse que temos em manter a faculdade e vou reafirmar diretamente ao conselho que, por parte da nossa gest\u00e3o, n\u00e3o h\u00e1 vontade pol\u00edtica e nem pessoal de encaminharmos a institui\u00e7\u00e3o para o fechamento. A inten\u00e7\u00e3o \u00e9 de manuten\u00e7\u00e3o e fortalecimento, dentro de uma gest\u00e3o democr\u00e1tica e transparente&rdquo;, refor\u00e7ou o prefeito Beto Preto. De acordo com ele, o modo como a institui\u00e7\u00e3o vinha sendo gerenciada simboliza &ldquo;um descaso com a Educa\u00e7\u00e3o&rdquo;. &ldquo;Infelizmente a &ldquo;Cidade Educa\u00e7\u00e3o&rdquo; s\u00f3 existia no carimbo. Estamos agora colocando a casa em ordem, abertos ao di\u00e1logo com todos os setores&rdquo;, afirmou. <\/p>\n<p>Segundo Beto, os trabalhos caminham para que a Faced mantenha ou insira cursos diferenciados dos que j\u00e1 existem no munic\u00edpio. &ldquo;Est\u00e1 ser\u00e1 uma das discuss\u00f5es que vamos levar \u00e0 Confer\u00eancia Municipal da Educa\u00e7\u00e3o, que vamos realizar neste m\u00eas de junho&rdquo;, concluiu o prefeito. <\/p>\n<p>Atualmente a Faculdade Apucarana Cidade Educa\u00e7\u00e3o (Faced) possui 160 alunos. S\u00e3o 18 professores e tr\u00eas coordenadores. Em 2012 j\u00e1 houve a formatura de uma turma de Pedagogia. Em julho outras tr\u00eas turmas de cursos diferentes concluem a matriz curricular e at\u00e9 o final do ano todos os cursos iniciados desde 2009 formam seus alunos. &ldquo;Por isto nossa preocupa\u00e7\u00e3o em atender os protocolos junto \u00e0 Seti e Conselho Estadual para o reconhecimento dos cursos e certifica\u00e7\u00e3o dos diplomas. Desde janeiro, quando assumimos, h\u00e1 um grande empenho de toda equipe para que os direitos dos acad\u00eamicos sejam resguardados&rdquo;, relata professora Marli, secret\u00e1ria Especial de Ensino Superior.<\/p>\n<p>Ainda durante a reuni\u00e3o com a avaliadora, a diretora-presidente da Faced, professora Cibele Barneze, relatou as dificuldades herdadas. &ldquo;Chegamos aqui em janeiro e encontramos a chave da faculdade na guarita. N\u00e3o houve a menor preocupa\u00e7\u00e3o dos gestores anteriores com a continuidade dos trabalhos. Demoramos os tr\u00eas primeiros meses s\u00f3 para organizar a documenta\u00e7\u00e3o e iniciar de fato um planejamento que privilegie a pesquisa, o ensino e a extens\u00e3o&rdquo;, contou. <\/p>\n<p>Tendo como mantenedora a Funda\u00e7\u00e3o Apucarana Cidade Educa\u00e7\u00e3o (FACE), ligada a Prefeitura de Apucarana, os cursos da Faced s\u00e3o presenciais e oferecidos apenas no per\u00edodo noturno. Alegando falta de recursos para manter a estrutura, em novembro de 2010 o ex-prefeito Jo\u00e3o Carlos de Oliveira (PMDB) cancelou a realiza\u00e7\u00e3o de novos vestibulares e, at\u00e9 o fim do mandato, em dezembro de 2012, as atividades da Faced ficaram em segundo plano.<\/p>\n<p><\/p>\n","protected":false},"excerpt":{"rendered":"<p>Embora autorizados pelo Minist&eacute;rio da Educa&ccedil;&atilde;o (MEC), cursos de gradua&ccedil;&atilde;o iniciados a partir de 2009 ainda n&atilde;o conseguiram o reconhecimento<\/p>\n","protected":false},"author":4,"featured_media":0,"comment_status":"closed","ping_status":"closed","sticky":false,"template":"","format":"standard","meta":{"footnotes":""},"categories":[24],"tags":[],"class_list":["post-783","post","type-post","status-publish","format-standard","hentry","category-noticias"],"acf":[],"_links":{"self":[{"href":"https:\/\/www.apucarana.pr.gov.br\/site\/wp-json\/wp\/v2\/posts\/783","targetHints":{"allow":["GET"]}}],"collection":[{"href":"https:\/\/www.apucarana.pr.gov.br\/site\/wp-json\/wp\/v2\/posts"}],"about":[{"href":"https:\/\/www.apucarana.pr.gov.br\/site\/wp-json\/wp\/v2\/types\/post"}],"author":[{"embeddable":true,"href":"https:\/\/www.apucarana.pr.gov.br\/site\/wp-json\/wp\/v2\/users\/4"}],"replies":[{"embeddable":true,"href":"https:\/\/www.apucarana.pr.gov.br\/site\/wp-json\/wp\/v2\/comments?post=783"}],"version-history":[{"count":1,"href":"https:\/\/www.apucarana.pr.gov.br\/site\/wp-json\/wp\/v2\/posts\/783\/revisions"}],"predecessor-version":[{"id":106095,"href":"https:\/\/www.apucarana.pr.gov.br\/site\/wp-json\/wp\/v2\/posts\/783\/revisions\/106095"}],"wp:attachment":[{"href":"https:\/\/www.apucarana.pr.gov.br\/site\/wp-json\/wp\/v2\/media?parent=783"}],"wp:term":[{"taxonomy":"category","embeddable":true,"href":"https:\/\/www.apucarana.pr.gov.br\/site\/wp-json\/wp\/v2\/categories?post=783"},{"taxonomy":"post_tag","embeddable":true,"href":"https:\/\/www.apucarana.pr.gov.br\/site\/wp-json\/wp\/v2\/tags?post=783"}],"curies":[{"name":"wp","href":"https:\/\/api.w.org\/{rel}","templated":true}]}}