{"id":781,"date":"2013-05-15T17:17:00","date_gmt":"2013-05-15T17:17:00","guid":{"rendered":"http:\/\/172.16.0.7\/site-antigo\/?p=781"},"modified":"2024-10-08T09:06:23","modified_gmt":"2024-10-08T12:06:23","slug":"entrada-de-nucleo-habitacional-ganha-paisagismo","status":"publish","type":"post","link":"https:\/\/www.apucarana.pr.gov.br\/site\/entrada-de-nucleo-habitacional-ganha-paisagismo\/","title":{"rendered":"Entrada de n\u00facleo habitacional ganha paisagismo"},"content":{"rendered":"<p>A Secretaria de Servi\u00e7os P\u00fablicos da Prefeitura de Apucarana iniciou nesta semana o plantio de palmeiras imperiais na entrada do N\u00facleo Habitacional Papa Jo\u00e3o Paulo I. S\u00e3o cerca de 30 mudas produzidas pelo viveiro municipal e que foram cedidas pela Secretaria da Agricultura. <\/p>\n<p>&ldquo;Este trabalho faz parte de um planejamento que temos para deixar nossos bairros ainda mais bonitos. Dentro de tr\u00eas anos estas mudas devem alcan\u00e7ar entre 2 e 3 metros de altura, dando um aspecto diferenciado ao acesso&rdquo;, destaca o prefeito Beto Preto.  <\/p>\n<p>O secret\u00e1rio da pasta, Jaime Gon\u00e7alves, pede que os moradores atuem com vigil&acirc;ncia. &ldquo;Nossa equipe vai monitorar o desenvolvimento inicial, mas a popula\u00e7\u00e3o \u00e9 que est\u00e1 sempre presente e pode ajudar no sentido de impedir ou denunciar atos de vandalismo&rdquo;, assinala.<\/p>\n<p>Segundo o superintendente da Secretaria de Servi\u00e7os P\u00fablicos, Silnei Bolonheze, a nova administra\u00e7\u00e3o j\u00e1 tem programado outros plantios. &ldquo;&Eacute; um pedido do prefeito e vamos estender esta benfeitoria para outros pontos da cidade&rdquo;, refor\u00e7a.<\/p>\n<p><\/p>\n","protected":false},"excerpt":{"rendered":"<p>Secretaria de Servi&ccedil;os P&uacute;blicos j&aacute; tem programado outros plantios<\/p>\n","protected":false},"author":4,"featured_media":0,"comment_status":"closed","ping_status":"closed","sticky":false,"template":"","format":"standard","meta":{"footnotes":""},"categories":[24],"tags":[],"class_list":["post-781","post","type-post","status-publish","format-standard","hentry","category-noticias"],"acf":[],"_links":{"self":[{"href":"https:\/\/www.apucarana.pr.gov.br\/site\/wp-json\/wp\/v2\/posts\/781","targetHints":{"allow":["GET"]}}],"collection":[{"href":"https:\/\/www.apucarana.pr.gov.br\/site\/wp-json\/wp\/v2\/posts"}],"about":[{"href":"https:\/\/www.apucarana.pr.gov.br\/site\/wp-json\/wp\/v2\/types\/post"}],"author":[{"embeddable":true,"href":"https:\/\/www.apucarana.pr.gov.br\/site\/wp-json\/wp\/v2\/users\/4"}],"replies":[{"embeddable":true,"href":"https:\/\/www.apucarana.pr.gov.br\/site\/wp-json\/wp\/v2\/comments?post=781"}],"version-history":[{"count":1,"href":"https:\/\/www.apucarana.pr.gov.br\/site\/wp-json\/wp\/v2\/posts\/781\/revisions"}],"predecessor-version":[{"id":106097,"href":"https:\/\/www.apucarana.pr.gov.br\/site\/wp-json\/wp\/v2\/posts\/781\/revisions\/106097"}],"wp:attachment":[{"href":"https:\/\/www.apucarana.pr.gov.br\/site\/wp-json\/wp\/v2\/media?parent=781"}],"wp:term":[{"taxonomy":"category","embeddable":true,"href":"https:\/\/www.apucarana.pr.gov.br\/site\/wp-json\/wp\/v2\/categories?post=781"},{"taxonomy":"post_tag","embeddable":true,"href":"https:\/\/www.apucarana.pr.gov.br\/site\/wp-json\/wp\/v2\/tags?post=781"}],"curies":[{"name":"wp","href":"https:\/\/api.w.org\/{rel}","templated":true}]}}