{"id":780,"date":"2013-05-14T17:39:59","date_gmt":"2013-05-14T17:39:59","guid":{"rendered":"http:\/\/172.16.0.7\/site-antigo\/?p=780"},"modified":"2024-10-08T09:06:23","modified_gmt":"2024-10-08T12:06:23","slug":"prefeitura-lanca-campanha-de-combate-a-violencia-infantil","status":"publish","type":"post","link":"https:\/\/www.apucarana.pr.gov.br\/site\/prefeitura-lanca-campanha-de-combate-a-violencia-infantil\/","title":{"rendered":"Prefeitura lan\u00e7a campanha de combate \u00e0 viol\u00eancia infantil"},"content":{"rendered":"<p><\/p>\n<p>Lan\u00e7ada na segunda-feira \u00e0 noite no sal\u00e3o nobre da prefeitura de Apucarana, a Semana Municipal de Combate e Preven\u00e7\u00e3o da Viol\u00eancia e Explora\u00e7\u00e3o Sexual de Crian\u00e7as e Adolescentes tem um dos pontos altos amanh\u00e3 (15) \u00e0 noite. Especialista no assunto e requisitada nacionalmente para proferir palestras, a sargento T&acirc;nia Guerreiro estar\u00e1 hoje \u00e0 noite do Cine Teatro F\u00eanix abordando o tema &ldquo;Quebrando o Sil\u00eancio&rdquo;. A palestra come\u00e7a \u00e0s 19 horas e \u00e9 aberta ao p\u00fablico em geral.<\/p>\n<p>Durante o lan\u00e7amento da campanha, o prefeito Beto Preto lembrou que seu envolvimento no combate a viol\u00eancia contra a crian\u00e7a e adolescente vem desde o per\u00edodo que trabalhou como auditor no Minist\u00e9rio da Sa\u00fade. &ldquo;Ajudei a criar o disque den\u00fancia para este tipo de crime, que hoje atende pelo n\u00famero 100&rdquo;, recorda.<\/p>\n<p>Beto classificou como estarrecedores o \u00edndice da viol\u00eancia infantil e as condi\u00e7\u00f5es em que o crime acontece. &ldquo;Esse crime est\u00e1 incrustado no seio da fam\u00edlia e isto tem que vir a tona. O momento n\u00e3o \u00e9 de alegria, mas sim de conscientiza\u00e7\u00e3o e mobiliza\u00e7\u00e3o. Nosso mandato acontece com o enfrentamento da realidade, que neste caso se traduz em denunciar&rdquo;, conclama.<\/p>\n<p>A campanha, que segue at\u00e9 o dia 18, \u00e9 uma iniciativa da Secretaria Municipal de Assist\u00eancia Social e do Centro de Refer\u00eancia Especializado de Assist\u00eancia Social de Apucarana. No dia 17, est\u00e1 programada uma Mesa Redonda, tamb\u00e9m no Cine F\u00eanix, \u00e0s 19 horas. Em debate &ldquo;A interface entre as diferentes vis\u00f5es, abordagens e interven\u00e7\u00f5es t\u00e9cnicas nas situa\u00e7\u00f5es de viol\u00eancia e explora\u00e7\u00e3o sexual praticada contra a crian\u00e7a e adolescente&rdquo;. O objetivo \u00e9 discutir e refletir, na \u00f3tica de diferentes categorias profissionais, sobre o atendimento para esta demanda.<\/p>\n<p>Encerrando a programa\u00e7\u00e3o, os organizadores convidam \u00e0 comunidade para participar, no dia 18, de um ato p\u00fablico, \u00e0s 9 horas da manh\u00e3, em frente o plat&ocirc; da Pra\u00e7a Rui Barbosa. O local ser\u00e1 o ponto de partida para uma passeata pelas ruas centrais da cidade.<\/p>\n<p><\/p>\n","protected":false},"excerpt":{"rendered":"<p>Especialista no assunto, a sargento T&acirc;nia Guerreiro profere palestra amanh&atilde; no Cine Teatro F&ecirc;nix<\/p>\n","protected":false},"author":4,"featured_media":0,"comment_status":"closed","ping_status":"closed","sticky":false,"template":"","format":"standard","meta":{"footnotes":""},"categories":[24],"tags":[],"class_list":["post-780","post","type-post","status-publish","format-standard","hentry","category-noticias"],"acf":[],"_links":{"self":[{"href":"https:\/\/www.apucarana.pr.gov.br\/site\/wp-json\/wp\/v2\/posts\/780","targetHints":{"allow":["GET"]}}],"collection":[{"href":"https:\/\/www.apucarana.pr.gov.br\/site\/wp-json\/wp\/v2\/posts"}],"about":[{"href":"https:\/\/www.apucarana.pr.gov.br\/site\/wp-json\/wp\/v2\/types\/post"}],"author":[{"embeddable":true,"href":"https:\/\/www.apucarana.pr.gov.br\/site\/wp-json\/wp\/v2\/users\/4"}],"replies":[{"embeddable":true,"href":"https:\/\/www.apucarana.pr.gov.br\/site\/wp-json\/wp\/v2\/comments?post=780"}],"version-history":[{"count":1,"href":"https:\/\/www.apucarana.pr.gov.br\/site\/wp-json\/wp\/v2\/posts\/780\/revisions"}],"predecessor-version":[{"id":106098,"href":"https:\/\/www.apucarana.pr.gov.br\/site\/wp-json\/wp\/v2\/posts\/780\/revisions\/106098"}],"wp:attachment":[{"href":"https:\/\/www.apucarana.pr.gov.br\/site\/wp-json\/wp\/v2\/media?parent=780"}],"wp:term":[{"taxonomy":"category","embeddable":true,"href":"https:\/\/www.apucarana.pr.gov.br\/site\/wp-json\/wp\/v2\/categories?post=780"},{"taxonomy":"post_tag","embeddable":true,"href":"https:\/\/www.apucarana.pr.gov.br\/site\/wp-json\/wp\/v2\/tags?post=780"}],"curies":[{"name":"wp","href":"https:\/\/api.w.org\/{rel}","templated":true}]}}