{"id":779,"date":"2013-05-14T17:12:59","date_gmt":"2013-05-14T17:12:59","guid":{"rendered":"http:\/\/172.16.0.7\/site-antigo\/?p=779"},"modified":"2024-10-08T09:06:23","modified_gmt":"2024-10-08T12:06:23","slug":"senac-sedia-aula-inaugural-do-pronatec","status":"publish","type":"post","link":"https:\/\/www.apucarana.pr.gov.br\/site\/senac-sedia-aula-inaugural-do-pronatec\/","title":{"rendered":"Senac sedia aula inaugural do Pronatec"},"content":{"rendered":"<p>O Servi\u00e7o Nacional de Aprendizagem Comercial (Senac) sediou na noite de ter\u00e7a-feira (13), a aula inaugural do Programa Nacional de Acesso ao Ensino T\u00e9cnico e Emprego (Pronatec). O evento aconteceu no audit\u00f3rio do Senac, no Parque Jaboti, com a presen\u00e7a do prefeito Beto Preto; do presidente da C&acirc;mara, vereador Jos\u00e9 Airton Ara\u00fajo (Deco); do gerente regional do Senac, Agnaldo Alves Cassemiro; e da gerente do Sesc, Andr\u00e9ia Rinaldo.   <\/p>\n<p>As secretarias municipais da Ind\u00fastria e Com\u00e9rcio &ndash; com a Ag\u00eancia do Trabalhador &#8211; e da Assist\u00eancia Social, em parceria com o Sesc\/Senac e Sesi\/Senai de Apucarana, est\u00e3o ofertando centenas de vagas em cursos profissionalizantes gratuitos, por meio do Pronatec. <\/p>\n<p>Alguns cursos j\u00e1 come\u00e7aram, mas as inscri\u00e7\u00f5es continuam abertas no Centro Social Urbano do Parque Bela Vista, nos quatro Centros de Refer\u00eancia da Assist\u00eancia Social (CRAS) e tamb\u00e9m na Ag\u00eancia do Trabalhador, no centro da cidade. A secret\u00e1ria de Assist\u00eancia Social, M\u00e1rcia Regina de Sousa, e o secret\u00e1rio de Ind\u00fastria e Com\u00e9rcio, L\u00e1ercio Beani da Costa, presentes na aula inaugural, disseram que suas equipes est\u00e3o mobilizadas para a forma\u00e7\u00e3o de turmas. <\/p>\n<p>O prefeito Beto Preto lembrou que em 2012 foram oferecidas 650 vagas do Pronatec para Apucarana. Por\u00e9m, conforme frisou ele, n\u00e3o houve interesse do poder p\u00fablico e nenhuma turma foi formada. &ldquo;Agora a qualifica\u00e7\u00e3o est\u00e1 sendo tratada com prioridade e teremos 1.650 vagas em cursos profissionalizantes, durante 2013&rdquo;, anunciou Beto Preto. <\/p>\n<p><b>AVAN&Ccedil;O PROFISSIONAL<\/b> &#8211; Ao se dirigir aos novos alunos, o gerente do Senac, Agnaldo Alves Cassemiro, fez uma apresenta\u00e7\u00e3o das atividades mantidas pela Fecom\u00e9rcio, bem como seus objetivos, que visam fomentar o com\u00e9rcio com a qualifica\u00e7\u00e3o de m\u00e3o de obra.<\/p>\n<p>&ldquo;Esta parceria da iniciativa privada com o poder p\u00fablico est\u00e1 permitindo a forma\u00e7\u00e3o de centenas de trabalhadores tamb\u00e9m na nossa regi\u00e3o, abrindo oportunidades de avan\u00e7o na carreira profissional e melhor renda&rdquo;, comentou Cassemiro. <\/p>\n<p>Ao final da aula inaugural, o prefeito Beto Preto e o gerente do Senac, Agnaldo Alves Cassemiro, entregaram um kit de material did\u00e1tico para a aluna Cleide da Silva Lima, do curso de padeiro e confeiteiro.<\/p>\n<p>Ainda no evento, foram firmados protocolos com a Apae, o Centro de Apoio Social ao Adolescente (CASA), a Escola de Desenvolvimento Humano Casa do Caminho (EDHUCCA) e a ONG Comander. As entidades ser\u00e3o parceiras na oferta de novos cursos, disponibilizando as suas estruturas e professores.<\/p>\n<p><b>((( SERVI&Ccedil;O ))) <\/b><\/p>\n<p><b>INSCRI&Ccedil;&Otilde;ES<\/b><\/p>\n<p>Os locais para inscri\u00e7\u00e3o e mais informa\u00e7\u00f5es s\u00e3o os seguintes<b>: <\/b>Centro Social Urbano, na Rua Jo\u00e3o Matiuzzi, 279 (parque Bela Vista), telefone 3425-1511. O CRAS 1 fica na Rua Pernambuco, 227 (Jardim Apucarana); CRAS 2, Rua Jos\u00e9 Maria Pinto, 2261 (Vila Nova); CRAS 3, Rua Curitiba, ao lado do 25 (Vila Reis); o CRAS 4, Rua Jer&ocirc;nimo Milano, 205 (Jardim Figueira); e na Ag\u00eancia do Trabalhador de Apucarana, na Rua Ren\u00ea Camargo de Azambuja, 705, centro.<\/p>\n<p><\/p>\n","protected":false},"excerpt":{"rendered":"<p>Parceria entre os governos federal e municipal com o Senac viabilizam oferta de cursos<\/p>\n","protected":false},"author":4,"featured_media":0,"comment_status":"closed","ping_status":"closed","sticky":false,"template":"","format":"standard","meta":{"footnotes":""},"categories":[24],"tags":[],"class_list":["post-779","post","type-post","status-publish","format-standard","hentry","category-noticias"],"acf":[],"_links":{"self":[{"href":"https:\/\/www.apucarana.pr.gov.br\/site\/wp-json\/wp\/v2\/posts\/779","targetHints":{"allow":["GET"]}}],"collection":[{"href":"https:\/\/www.apucarana.pr.gov.br\/site\/wp-json\/wp\/v2\/posts"}],"about":[{"href":"https:\/\/www.apucarana.pr.gov.br\/site\/wp-json\/wp\/v2\/types\/post"}],"author":[{"embeddable":true,"href":"https:\/\/www.apucarana.pr.gov.br\/site\/wp-json\/wp\/v2\/users\/4"}],"replies":[{"embeddable":true,"href":"https:\/\/www.apucarana.pr.gov.br\/site\/wp-json\/wp\/v2\/comments?post=779"}],"version-history":[{"count":1,"href":"https:\/\/www.apucarana.pr.gov.br\/site\/wp-json\/wp\/v2\/posts\/779\/revisions"}],"predecessor-version":[{"id":106099,"href":"https:\/\/www.apucarana.pr.gov.br\/site\/wp-json\/wp\/v2\/posts\/779\/revisions\/106099"}],"wp:attachment":[{"href":"https:\/\/www.apucarana.pr.gov.br\/site\/wp-json\/wp\/v2\/media?parent=779"}],"wp:term":[{"taxonomy":"category","embeddable":true,"href":"https:\/\/www.apucarana.pr.gov.br\/site\/wp-json\/wp\/v2\/categories?post=779"},{"taxonomy":"post_tag","embeddable":true,"href":"https:\/\/www.apucarana.pr.gov.br\/site\/wp-json\/wp\/v2\/tags?post=779"}],"curies":[{"name":"wp","href":"https:\/\/api.w.org\/{rel}","templated":true}]}}